{"provider_url": "https://www.embuguacu.sp.leg.br", "title": "EDITAL N\u00ba 032/2024", "html": "<p style=\"text-align: justify; \">Joaquim de Souza Silva \u2013 Joaquim da Aposentadoria, Presidente da C\u00e2mara Municipal de Embu-Gua\u00e7u, torna p\u00fablico a PRORROGA\u00c7\u00c3O, por 2 (dois) anos, a contar de 20 de dezembro de 2024, do prazo de validade do concurso p\u00fablico para provimento de cargos do Quadro de Pessoal da C\u00e2mara Municipal de Embu-Gua\u00e7u, regido pelo Edital n\u00ba 001/2022.</p>\r\n<p style=\"text-align: center; \"><a title=\"\" href=\"https://www.embuguacu.sp.leg.br/institucional/noticias/AdobeScan19dedez.de2024.pdf\" class=\"internal-link\" target=\"_self\"><strong><img alt=\"\" class=\"image-inline\" src=\"imagens/iconepdf.jpg/@@images/a4d976db-5803-47f0-b0c9-9de331e3cbe2.jpeg\" title=\"\" /></strong>\u00a0EDITAL 0322024</a></p>\r\n<p style=\"text-align: center; \">\u00a0</p>\r\n<pre>Fonte: CMEG</pre>", "author_name": "", "version": "1.0", "author_url": "https://www.embuguacu.sp.leg.br/author/admin", "provider_name": "C\u00e2mara Municipal de Embu-Gua\u00e7u", "type": "rich"}