{"provider_url": "https://www.embuguacu.sp.leg.br", "title": "EDITAL N\u00ba 023/2025 - EMENDAS PPA 2026-20229", "html": "<p style=\"text-align: justify; \">A\u00a0<strong>Comiss\u00e3o de Finan\u00e7as e Or\u00e7amento da C\u00e2mara Municipal de Embu-Gua\u00e7u</strong>,\u00a0<strong>COMUNICA AO POVO DE EMBU-GUA\u00c7U</strong>\u00a0que se encontra em tramita\u00e7\u00e3o o <strong>Projeto de Lei n\u00ba 021/2025 de autoria do Chefe do Poder Executivo \u2013 PLANO PLURIANUAL (PPA) 2026\u20132029</strong>.</p>\r\n<p style=\"text-align: center; \"><strong><a class=\"external-link\" href=\"https://sapl.embuguacu.sp.leg.br/media/sapl/public/normajuridica/2025/1958/edital_0232025_emenda_ppa_2026_a_2029.pdf\" target=\"_self\" title=\"\"><img alt=\"\" class=\"image-inline\" src=\"../../imagens/iconepdf.jpg/@@images/a4d976db-5803-47f0-b0c9-9de331e3cbe2.jpeg\" title=\"\" />EDITAL N\u00b0023/2025\u00a0</a></strong></p>\r\n<p style=\"text-align: center; \"><strong><a class=\"external-link\" href=\"https://sapl.embuguacu.sp.leg.br/media/sapl/public/materialegislativa/2025/9646/pl_0212025_-_ppa.pdf\" target=\"_self\" title=\"\"><img alt=\"\" class=\"image-inline\" src=\"../../imagens/iconepdf.jpg/@@images/a4d976db-5803-47f0-b0c9-9de331e3cbe2.jpeg\" title=\"\" />PROJETO DE LEI\u00a0<strong>N\u00b0</strong>021/2025 - PPA 2026 a 2029</a></strong></p>\r\n<p style=\"text-align: justify; \">Em atendimento ao artigo 171, \u00a74\u00ba, da Lei Org\u00e2nica do Munic\u00edpio, bem como ao artigo 187 do Regimento Interno, atrav\u00e9s do\u00a0<strong><a class=\"external-link\" href=\"https://sapl.embuguacu.sp.leg.br/media/sapl/public/normajuridica/2025/1958/edital_0232025_emenda_ppa_2026_a_2029.pdf\" target=\"_self\" title=\"\"><img alt=\"\" class=\"image-inline\" src=\"../../imagens/iconepdf.jpg/@@images/a4d976db-5803-47f0-b0c9-9de331e3cbe2.jpeg\" title=\"\" />EDITAL N\u00b0023/2025</a></strong>, d\u00e1 publicidade a abertura de prazo para\u00a0<strong>APRESENTA\u00c7\u00c3O DAS EMENDAS AO PLANO PLURIANUAL PARA 2026 A 2029 NO MUNIC\u00cdPIO DE EMBU-GUA\u00c7U</strong>.</p>\r\n<p>\u00a0 \u00a0</p>\r\n<pre>Fonte: CMEG</pre>", "author_name": "", "version": "1.0", "author_url": "https://www.embuguacu.sp.leg.br/author/admin", "provider_name": "C\u00e2mara Municipal de Embu-Gua\u00e7u", "type": "rich"}