{"provider_url": "https://www.embuguacu.sp.leg.br", "title": "EDITAL DE LICITA\u00c7\u00c3O 007-2021", "html": "<p style=\"text-align: justify; \">Data para entrega dos documentos para credenciamento, da declara\u00e7\u00e3o de que a proponente cumpre os requisitos de habilita\u00e7\u00e3o e dos envelopes Proposta e documentos de habilita\u00e7\u00e3o: <strong>18 de Janeiro de 2021.</strong></p>\r\n<p style=\"text-align: justify; \"><br />Local da realiza\u00e7\u00e3o da sess\u00e3o p\u00fablica do Preg\u00e3o Presencial: C\u00e2mara Municipal de Embu-Gua\u00e7u, SP, Rua Emilia Pires, 135, Plen\u00e1rio da C\u00e2mara Municiapl, Centro, Embu-Gua\u00e7u, SP., CEP 06900-000, ap\u00f3s o recebimento dos envelopes e documentos exigidos para o certame.</p>\r\n<p style=\"text-align: justify; \"><br />Edital na \u00edntegra encontra-se disponivel no site www.embuguacu.sp.leg.br e \u00e0 disposi\u00e7\u00e3o dos interessados na Divis\u00e3o de Servi\u00e7os Administrativos da C\u00e2mara Municipal de Embu-Gua\u00e7u na Rua Cel. Luiz Ten\u00f3rio de Brito, 752, 2\u00ba Andar, Centro, Embu-Gua\u00e7u, SP, no hor\u00e1rio das 08h00min \u00e0s 12h00min e das 14h00min \u00e0s 17h00min ou via email compras@embuguacu.sp.leg.br onde poder\u00e3o retir\u00e1-lo, mediante identifica\u00e7\u00e3o, nome, endere\u00e7o, n\u00famero de telefone, e-mail e CNPJ ou CPF.</p>\r\n<p>\u00a0<a title=\"\" href=\"https://www.embuguacu.sp.leg.br/institucional/noticias/HomologaoPrego0072021.pdf\" class=\"internal-link\" target=\"_blank\"><img alt=\"\" class=\"image-inline\" src=\"../../imagens/iconepdf.jpg/@@images/a4d976db-5803-47f0-b0c9-9de331e3cbe2.jpeg\" title=\"\" />HOMOLOGA\u00c7\u00c3O PREG\u00c3O 007-2021</a></p>\r\n<p><a title=\"\" href=\"https://www.embuguacu.sp.leg.br/institucional/noticias/copy_of_01EDITALDETONER.doc\" class=\"internal-link\" target=\"_blank\"><b><img alt=\"\" class=\"image-inline\" src=\"../../imagens/WORD.jpg/@@images/064e2f49-4936-47b5-b083-71bb758365eb.jpeg\" title=\"\" /></b>EDITAL 007-2021 - PREG\u00c3O PRESENCIAL</a></p>\r\n<p><a title=\"\" href=\"https://www.embuguacu.sp.leg.br/institucional/noticias/01ANEXOITermodeReferenciaMaterial.doc\" class=\"internal-link\" target=\"_blank\"><img alt=\"\" class=\"image-inline\" src=\"../../imagens/WORD.jpg/@@images/064e2f49-4936-47b5-b083-71bb758365eb.jpeg\" title=\"\" />Anexo I \u2013 Termo de refer\u00eancia;</a></p>\r\n<p><a title=\"\" href=\"https://www.embuguacu.sp.leg.br/institucional/noticias/copy6_of_02ANEXOIIModeloProcurao.doc\" class=\"internal-link\" target=\"_blank\"><img alt=\"\" class=\"image-inline\" src=\"../../imagens/WORD.jpg/@@images/064e2f49-4936-47b5-b083-71bb758365eb.jpeg\" title=\"\" />Anexo II \u2013 Modelo de Procura\u00e7\u00e3o;</a></p>\r\n<p><a title=\"\" href=\"https://www.embuguacu.sp.leg.br/institucional/noticias/copy_of_03ANEXOIIIRequesitosqueatendeahabilitao.doc\" class=\"internal-link\" target=\"_blank\"><img alt=\"\" class=\"image-inline\" src=\"../../imagens/WORD.jpg/@@images/064e2f49-4936-47b5-b083-71bb758365eb.jpeg\" title=\"\" />Anexo III \u2013 Requesitos que atende a habilita\u00e7\u00e3o;</a></p>\r\n<p><a title=\"\" href=\"https://www.embuguacu.sp.leg.br/institucional/noticias/copy_of_04ANEXOIVModeloContrato.doc\" class=\"internal-link\" target=\"_blank\"><img alt=\"\" class=\"image-inline\" src=\"../../imagens/WORD.jpg/@@images/064e2f49-4936-47b5-b083-71bb758365eb.jpeg\" title=\"\" />Anexo IV \u2013 Modelo Contrato;</a></p>\r\n<p><a title=\"\" href=\"https://www.embuguacu.sp.leg.br/institucional/noticias/copy5_of_05ANEXOVDeclaraodeMircroempresas.doc\" class=\"internal-link\" target=\"_blank\"><img alt=\"\" class=\"image-inline\" src=\"../../imagens/WORD.jpg/@@images/064e2f49-4936-47b5-b083-71bb758365eb.jpeg\" title=\"\" />Anexo V \u2013 Declara\u00e7\u00e3o de Microempresas;</a></p>\r\n<p><a title=\"\" href=\"https://www.embuguacu.sp.leg.br/institucional/noticias/copy9_of_06ANEXOVIDeclaraodeRetiradadoEdital.doc\" class=\"internal-link\" target=\"_blank\"><img alt=\"\" class=\"image-inline\" src=\"../../imagens/WORD.jpg/@@images/064e2f49-4936-47b5-b083-71bb758365eb.jpeg\" title=\"\" />Anexo VI \u2013 Declara\u00e7\u00e3o de Retirada do Edital;</a></p>\r\n<p><a title=\"\" href=\"https://www.embuguacu.sp.leg.br/institucional/noticias/copy13_of_07ANEXOVIIModelopropostadepreos.doc\" class=\"internal-link\" target=\"_blank\"><img alt=\"\" class=\"image-inline\" src=\"../../imagens/WORD.jpg/@@images/064e2f49-4936-47b5-b083-71bb758365eb.jpeg\" title=\"\" />Anexo VII \u2013 Modelo Proposta de Pre\u00e7o;</a></p>\r\n<p><a title=\"\" href=\"https://www.embuguacu.sp.leg.br/institucional/noticias/copy11_of_08ANEXOVIIIFatoimpeditivo.doc\" class=\"internal-link\" target=\"_blank\"><img alt=\"\" class=\"image-inline\" src=\"../../imagens/WORD.jpg/@@images/064e2f49-4936-47b5-b083-71bb758365eb.jpeg\" title=\"\" />Anexo VIII \u2013 Fato Impeditivo;</a></p>\r\n<p><a title=\"\" href=\"https://www.embuguacu.sp.leg.br/institucional/noticias/copy6_of_09ANEXOIXModeloDeclaraoquenoempregamenor.doc\" class=\"internal-link\" target=\"_blank\"><img alt=\"\" class=\"image-inline\" src=\"../../imagens/WORD.jpg/@@images/064e2f49-4936-47b5-b083-71bb758365eb.jpeg\" title=\"\" />Anexo IX \u2013 Modelo Declara\u00e7\u00e3o que N\u00e3o Emprega Menor;</a></p>\r\n<p>\u00a0<span>\u00a0</span></p>\r\n<pre><b>Fonte: CMEG</b></pre>", "author_name": "", "version": "1.0", "author_url": "https://www.embuguacu.sp.leg.br/author/adm", "provider_name": "C\u00e2mara Municipal de Embu-Gua\u00e7u", "type": "rich"}