{"provider_url": "https://www.embuguacu.sp.leg.br", "title": "EDITAL DE LICITA\u00c7\u00c3O 006-2021", "html": "<p style=\"text-align: justify; \">O <b>PREG\u00c3O PRESENCIAL</b> ser\u00e1 realizado em\u00a0<b>\u00a024 de setembro de 2021,</b> com in\u00edcio \u00e0s <b>10h00</b>, no Plen\u00e1rio da C\u00e2mara Municipal de Embu-Gua\u00e7u, Rua Emilia Pires, 135 Centro, CEP 06900-130, Embu-Gua\u00e7u, SP, quando dever\u00e3o ser apresentados, no in\u00edcio, <b>OS </b><b>DOCUMENTOS PARA CREDENCIAMENTO, A DECLARA\u00c7\u00c3O DE QUE A </b><b>PROPONENTE CUMPRE OS REQUISITOS DE HABILITA\u00c7\u00c3O E DOS ENVELOPES: PROPOSTA DE PRE\u00c7OS e DOCUMENTOS DE HABILITA\u00c7\u00c3O.</b></p>\r\n<p style=\"text-align: justify; \"><b><a title=\"\" href=\"https://www.embuguacu.sp.leg.br/institucional/noticias/RECURSOCONTRACLASSIFICAOESSEXBRASILCMARAEMBUGUAU29092021.pdf\" class=\"internal-link\" target=\"_blank\"><img src=\"https://www.embuguacu.sp.leg.br/imagens/iconepdf.jpg/@@images/a4d976db-5803-47f0-b0c9-9de331e3cbe2.jpeg\" alt=\"\" class=\"image-inline\" title=\"\" />RECURSO CONTRA CLASSIFICA\u00c7\u00c3O ESSEX BRASIL - 29-09-2021</a></b></p>\r\n<p style=\"text-align: justify; \"><strong><a title=\"\" href=\"https://www.embuguacu.sp.leg.br/institucional/noticias/PLANILHADEPRECOSATUALIZADAANEOVIIGRUPOESSEX.pdf\" class=\"internal-link\" target=\"_blank\"><img src=\"https://www.embuguacu.sp.leg.br/imagens/iconepdf.jpg/@@images/a4d976db-5803-47f0-b0c9-9de331e3cbe2.jpeg\" alt=\"\" class=\"image-inline\" title=\"\" />PLANILHA DE PRECOS ATUALIZADA ANEXO VII - GRUPO ESSEX</a></strong></p>\r\n<p style=\"text-align: justify; \"><b><a title=\"\" href=\"https://www.embuguacu.sp.leg.br/institucional/noticias/ATADEENCERRAMENTODOPP0062021ASSINADA.pdf\" class=\"internal-link\" target=\"_blank\"><img src=\"https://www.embuguacu.sp.leg.br/imagens/iconepdf.jpg/@@images/a4d976db-5803-47f0-b0c9-9de331e3cbe2.jpeg\" alt=\"\" class=\"image-inline\" title=\"\" />ATA DE ENCERRAMENTO PREG\u00c3O 006-2021</a></b></p>\r\n<p style=\"text-align: justify; \"><a title=\"\" href=\"https://www.embuguacu.sp.leg.br/institucional/noticias/ESCLARECIMENTODOEDITAL.doc\" class=\"internal-link\" target=\"_blank\"><img src=\"https://www.embuguacu.sp.leg.br/imagens/WORD.jpg/@@images/064e2f49-4936-47b5-b083-71bb758365eb.jpeg\" alt=\"\" class=\"image-inline\" title=\"\" />ESCLARECIMENTO AO EDITAL \u2013 PREG\u00c3O PRESENCIAL N\u00ba06/2021</a></p>\r\n<p><a title=\"\" style=\"text-align: justify; \" href=\"https://www.embuguacu.sp.leg.br/institucional/noticias/01EDITALPP0062021.docx\" class=\"internal-link\" target=\"_blank\"><img src=\"https://www.embuguacu.sp.leg.br/imagens/WORD.jpg/@@images/064e2f49-4936-47b5-b083-71bb758365eb.jpeg\" alt=\"\" class=\"image-inline\" title=\"\" />EDITAL 006-2021 -\u00a0PREG\u00c3O PRESENCIAL\u00a0</a></p>\r\n<p><a title=\"\" href=\"https://www.embuguacu.sp.leg.br/institucional/noticias/copy3_of_01ANEXOITermodeReferencia.doc\" class=\"internal-link\" target=\"_blank\"><img src=\"https://www.embuguacu.sp.leg.br/imagens/WORD.jpg/@@images/064e2f49-4936-47b5-b083-71bb758365eb.jpeg\" alt=\"\" class=\"image-inline\" title=\"\" />01 ANEXO I - Termo de Referencia</a></p>\r\n<p><a title=\"\" href=\"https://www.embuguacu.sp.leg.br/institucional/noticias/copy4_of_02ANEXOIIModeloProcurao.doc\" class=\"internal-link\" target=\"_blank\"><img src=\"https://www.embuguacu.sp.leg.br/imagens/WORD.jpg/@@images/064e2f49-4936-47b5-b083-71bb758365eb.jpeg\" alt=\"\" class=\"image-inline\" title=\"\" />02 ANEXO II - Modelo Procura\u00e7\u00e3o</a></p>\r\n<p><a title=\"\" href=\"https://www.embuguacu.sp.leg.br/institucional/noticias/copy3_of_03ANEXOIIIRequisitosqueatendeahabilitao.doc\" class=\"internal-link\" target=\"_blank\"><img src=\"https://www.embuguacu.sp.leg.br/imagens/WORD.jpg/@@images/064e2f49-4936-47b5-b083-71bb758365eb.jpeg\" alt=\"\" class=\"image-inline\" title=\"\" />03 ANEXO III - Requisitos que atende a habilita\u00e7\u00e3o</a></p>\r\n<p><a title=\"\" href=\"https://www.embuguacu.sp.leg.br/institucional/noticias/copy2_of_04ANEXOIVMinutadecontrato.doc\" class=\"internal-link\" target=\"_blank\"><img src=\"https://www.embuguacu.sp.leg.br/imagens/WORD.jpg/@@images/064e2f49-4936-47b5-b083-71bb758365eb.jpeg\" alt=\"\" class=\"image-inline\" title=\"\" />04 ANEXO IV - Minuta de contrato</a></p>\r\n<p><a title=\"\" href=\"https://www.embuguacu.sp.leg.br/institucional/noticias/copy4_of_05ANEXOVDeclaraodeMircroempresas.doc\" class=\"internal-link\" target=\"_blank\"><img src=\"https://www.embuguacu.sp.leg.br/imagens/WORD.jpg/@@images/064e2f49-4936-47b5-b083-71bb758365eb.jpeg\" alt=\"\" class=\"image-inline\" title=\"\" />05 ANEXO V - Declara\u00e7\u00e3o de Microempresas</a></p>\r\n<p><a title=\"\" href=\"https://www.embuguacu.sp.leg.br/institucional/noticias/copy7_of_06ANEXOVIDeclaraodeRetiradadoEdital.doc\" class=\"internal-link\" target=\"_blank\"><img src=\"https://www.embuguacu.sp.leg.br/imagens/WORD.jpg/@@images/064e2f49-4936-47b5-b083-71bb758365eb.jpeg\" alt=\"\" class=\"image-inline\" title=\"\" />06 ANEXO VI - Declara\u00e7\u00e3o de Retirada do Edital</a></p>\r\n<p><a title=\"\" href=\"https://www.embuguacu.sp.leg.br/institucional/noticias/copy5_of_07ANEXOVIIModelopropostadepreos.doc\" class=\"internal-link\" target=\"_blank\"><img src=\"https://www.embuguacu.sp.leg.br/imagens/WORD.jpg/@@images/064e2f49-4936-47b5-b083-71bb758365eb.jpeg\" alt=\"\" class=\"image-inline\" title=\"\" />07 ANEXO VII - Modelo proposta de pre\u00e7os</a></p>\r\n<p><a title=\"\" href=\"https://www.embuguacu.sp.leg.br/institucional/noticias/copy9_of_08ANEXOVIIIFatoimpeditivo.doc\" class=\"internal-link\" target=\"_blank\"><img src=\"https://www.embuguacu.sp.leg.br/imagens/WORD.jpg/@@images/064e2f49-4936-47b5-b083-71bb758365eb.jpeg\" alt=\"\" class=\"image-inline\" title=\"\" />08 ANEXO VIII - Fato impeditivo</a></p>\r\n<p><a title=\"\" href=\"https://www.embuguacu.sp.leg.br/institucional/noticias/copy4_of_09ANEXOIXModeloDeclaraoquenoempregamenor.doc\" class=\"internal-link\" target=\"_blank\"><img src=\"https://www.embuguacu.sp.leg.br/imagens/WORD.jpg/@@images/064e2f49-4936-47b5-b083-71bb758365eb.jpeg\" alt=\"\" class=\"image-inline\" title=\"\" />09 ANEXO IX - Modelo Declara\u00e7\u00e3o que n\u00e3o emprega menor</a></p>\r\n<p><a title=\"\" href=\"https://www.embuguacu.sp.leg.br/institucional/noticias/10ANEXOXDECLARAODEVISTORIARETIFICADOREABERTURA.docx\" class=\"internal-link\" target=\"_blank\"><img src=\"https://www.embuguacu.sp.leg.br/imagens/WORD.jpg/@@images/064e2f49-4936-47b5-b083-71bb758365eb.jpeg\" alt=\"\" class=\"image-inline\" title=\"\" />10 ANEXO X - DECLARA\u00c7\u00c3O DE VISTORIA\u00a0</a></p>\r\n<p><a title=\"\" href=\"https://www.embuguacu.sp.leg.br/institucional/noticias/11ANEXOXIDECLARAODERENUNCIAVISTORIA.docx\" class=\"internal-link\" target=\"_blank\"><img src=\"https://www.embuguacu.sp.leg.br/imagens/WORD.jpg/@@images/064e2f49-4936-47b5-b083-71bb758365eb.jpeg\" alt=\"\" class=\"image-inline\" title=\"\" />11 ANEXO XI - DECLARA\u00c7\u00c3O DE RENUNCIA\u00a0 VISTORIA</a></p>\r\n<p>Obs.: Os anexos encontram-se dispon\u00edveis tamb\u00e9m em nosso Portal da Transpar\u00eancia.\u00a0<a class=\"external-link\" href=\"http://201.139.222.222:8888/CECAM_SISTEMAS_PORTAL/Pages/Geral/wfLicitacao.aspx\" target=\"_blank\" title=\"\">Clique Aqui</a></p>\r\n<pre>Fonte: CMEG</pre>\r\n<p><b><br /></b></p>\r\n<p><b><br /></b></p>\r\n<div><b><br /></b></div>\r\n<p><b><b><br /></b></b></p>", "author_name": "vania", "version": "1.0", "author_url": "https://www.embuguacu.sp.leg.br/author/vania", "provider_name": "C\u00e2mara Municipal de Embu-Gua\u00e7u", "type": "rich"}