{"provider_url": "https://www.embuguacu.sp.leg.br", "title": "EDITAL DE LICITA\u00c7\u00c3O 005-2021", "html": "<p style=\"text-align: justify; \">O <b>PREG\u00c3O PRESENCIAL</b> ser\u00e1 realizado <b>07 de outubro de 2021,</b> com in\u00edcio \u00e0s <b>10h00</b>, no Plen\u00e1rio da C\u00e2mara Municipal de Embu-Gua\u00e7u, Rua Em\u00edlia Pires, 135 Centro, CEP 06900-130, Embu-Gua\u00e7u, SP, quando dever\u00e3o ser apresentados, no in\u00edcio, <b>OS </b><b>DOCUMENTOS PARA CREDENCIAMENTO, A DECLARA\u00c7\u00c3O DE QUE A </b><b>PROPONENTE CUMPRE OS REQUISITOS DE HABILITA\u00c7\u00c3O E DOS ENVELOPES: PROPOSTA DE PRE\u00c7OS e DOCUMENTOS DE HABILITA\u00c7\u00c3O.</b></p>\r\n<p style=\"text-align: justify; \"><b><a title=\"\" href=\"https://www.embuguacu.sp.leg.br/institucional/noticias/ATADOPREGOPRESENCIAL052021.pdf\" class=\"internal-link\" target=\"_blank\"><img src=\"https://www.embuguacu.sp.leg.br/imagens/iconepdf.jpg/@@images/a4d976db-5803-47f0-b0c9-9de331e3cbe2.jpeg\" alt=\"\" class=\"image-inline\" title=\"\" />ATA DO PREG\u00c3O PRESENCIAL 05-2021</a></b></p>\r\n<p style=\"text-align: justify; \"><a title=\"\" href=\"https://www.embuguacu.sp.leg.br/institucional/noticias/EDITALPP0052021.doc\" class=\"internal-link\" target=\"_blank\"><b><img src=\"https://www.embuguacu.sp.leg.br/imagens/WORD.jpg/@@images/064e2f49-4936-47b5-b083-71bb758365eb.jpeg\" alt=\"\" class=\"image-inline\" title=\"\" /></b>EDITAL 005-2021 - PREG\u00c3O PRESENCIAL</a></p>\r\n<p><a title=\"\" href=\"https://www.embuguacu.sp.leg.br/institucional/noticias/01AnexoITermoderefernciaMateriaisdeLimpeza.doc\" class=\"internal-link\" target=\"_blank\"><img src=\"https://www.embuguacu.sp.leg.br/imagens/WORD.jpg/@@images/064e2f49-4936-47b5-b083-71bb758365eb.jpeg\" alt=\"\" class=\"image-inline\" title=\"\" />Anexo I \u2013 Termo de refer\u00eancia;</a></p>\r\n<p><a title=\"\" href=\"https://www.embuguacu.sp.leg.br/institucional/noticias/copy5_of_02ANEXOIIModeloProcurao.doc\" class=\"internal-link\" target=\"_blank\"><img src=\"https://www.embuguacu.sp.leg.br/imagens/WORD.jpg/@@images/064e2f49-4936-47b5-b083-71bb758365eb.jpeg\" alt=\"\" class=\"image-inline\" title=\"\" />Anexo II \u2013 Modelo de procura\u00e7\u00e3o para credenciamento;</a></p>\r\n<p><a title=\"\" href=\"https://www.embuguacu.sp.leg.br/institucional/noticias/copy4_of_03ANEXOIIIRequisitosqueatendeahabilitao.doc\" class=\"internal-link\" target=\"_blank\"><img src=\"https://www.embuguacu.sp.leg.br/imagens/WORD.jpg/@@images/064e2f49-4936-47b5-b083-71bb758365eb.jpeg\" alt=\"\" class=\"image-inline\" title=\"\" />Anexo III \u2013 Modelo de declara\u00e7\u00e3o de cumprimento de requisitos de habilita\u00e7\u00e3o;</a></p>\r\n<p><a title=\"\" href=\"https://www.embuguacu.sp.leg.br/institucional/noticias/copy_of_04ANEXOIVModeloTermodeCompromissodeentrega.doc\" class=\"internal-link\" target=\"_blank\"><img src=\"https://www.embuguacu.sp.leg.br/imagens/WORD.jpg/@@images/064e2f49-4936-47b5-b083-71bb758365eb.jpeg\" alt=\"\" class=\"image-inline\" title=\"\" />Anexo IV \u2013 Minuta de termo de compromisso de entrega;</a></p>\r\n<p><a title=\"\" href=\"https://www.embuguacu.sp.leg.br/institucional/noticias/05ANEXOVDeclaraodeMicroempresas.doc\" class=\"internal-link\" target=\"_blank\"><img src=\"https://www.embuguacu.sp.leg.br/imagens/WORD.jpg/@@images/064e2f49-4936-47b5-b083-71bb758365eb.jpeg\" alt=\"\" class=\"image-inline\" title=\"\" />Anexo V \u2013 Modelo de declara\u00e7\u00e3o de ME e de EPP;</a></p>\r\n<p><a title=\"\" href=\"https://www.embuguacu.sp.leg.br/institucional/noticias/copy8_of_06ANEXOVIDeclaraodeRetiradadoEdital.doc\" class=\"internal-link\" target=\"_blank\"><img src=\"https://www.embuguacu.sp.leg.br/imagens/WORD.jpg/@@images/064e2f49-4936-47b5-b083-71bb758365eb.jpeg\" alt=\"\" class=\"image-inline\" title=\"\" />Anexo VI \u2013 Modelo de comprovante de retirada de edital;</a></p>\r\n<p><a title=\"\" href=\"https://www.embuguacu.sp.leg.br/institucional/noticias/copy11_of_07ANEXOVIIModelopropostadepreos.doc\" class=\"internal-link\" target=\"_blank\"><img src=\"https://www.embuguacu.sp.leg.br/imagens/WORD.jpg/@@images/064e2f49-4936-47b5-b083-71bb758365eb.jpeg\" alt=\"\" class=\"image-inline\" title=\"\" />Anexo VII \u2013 Modelo de proposta de pre\u00e7os;</a></p>\r\n<p><a title=\"\" href=\"https://www.embuguacu.sp.leg.br/institucional/noticias/copy10_of_08ANEXOVIIIFatoimpeditivo.doc\" class=\"internal-link\" target=\"_blank\"><img src=\"https://www.embuguacu.sp.leg.br/imagens/WORD.jpg/@@images/064e2f49-4936-47b5-b083-71bb758365eb.jpeg\" alt=\"\" class=\"image-inline\" title=\"\" />Anexo VIII \u2013 Modelo de declara\u00e7\u00e3o de que n\u00e3o possui fato impeditivo;</a></p>\r\n<p><a title=\"\" href=\"https://www.embuguacu.sp.leg.br/institucional/noticias/copy5_of_09ANEXOIXModeloDeclaraoquenoempregamenor.doc\" class=\"internal-link\" target=\"_blank\"><img src=\"https://www.embuguacu.sp.leg.br/imagens/WORD.jpg/@@images/064e2f49-4936-47b5-b083-71bb758365eb.jpeg\" alt=\"\" class=\"image-inline\" title=\"\" />Anexo IX \u2013 Modelo de que n\u00e3o emprega menores.</a></p>\r\n<p><span style=\"text-align: justify; \">Obs.: Os anexos encontram-se dispon\u00edveis tamb\u00e9m em nosso Portal da Transpar\u00eancia.</span><b style=\"text-align: justify; \">\u00a0<a class=\"external-link\" href=\"http://201.139.222.222:8888/CECAM_SISTEMAS_PORTAL/Pages/Geral/wfLicitacao.aspx\" target=\"_blank\" title=\"\">Clique Aqui</a></b></p>\r\n<pre><b>Fonte: CMEG</b></pre>", "author_name": "vania", "version": "1.0", "author_url": "https://www.embuguacu.sp.leg.br/author/vania", "provider_name": "C\u00e2mara Municipal de Embu-Gua\u00e7u", "type": "rich"}