{"provider_url": "https://www.embuguacu.sp.leg.br", "title": "EDITAL DE LICITA\u00c7\u00c3O 004-2021", "html": "<p style=\"text-align: justify; \">O <b>PREG\u00c3O PRESENCIAL</b> ser\u00e1 realizado <b>dia 14 de julho de 2021,</b> com in\u00edcio \u00e0s <b>10h00</b>, no Plen\u00e1rio da C\u00e2mara Municipal de Embu-Gua\u00e7u, Rua Emilia Pires, 135 Centro, CEP 06900-000, Embu-Gua\u00e7u, SP.</p>\r\n<p><a title=\"\" href=\"https://www.embuguacu.sp.leg.br/institucional/noticias/01EDITALTI.doc\" class=\"internal-link\" target=\"_blank\"><img src=\"https://www.embuguacu.sp.leg.br/imagens/WORD.jpg/@@images/064e2f49-4936-47b5-b083-71bb758365eb.jpeg\" alt=\"\" class=\"image-inline\" title=\"\" />EDITAL 004-2021 - PREG\u00c3O PRESENCIAL;</a></p>\r\n<p><a title=\"\" href=\"https://www.embuguacu.sp.leg.br/institucional/noticias/copy2_of_01ANEXOITermodeReferencia.doc\" class=\"internal-link\" target=\"_blank\"><img src=\"https://www.embuguacu.sp.leg.br/imagens/WORD.jpg/@@images/064e2f49-4936-47b5-b083-71bb758365eb.jpeg\" alt=\"\" class=\"image-inline\" title=\"\" />ANEXO I - Termo de Referencia;</a></p>\r\n<p><a title=\"\" href=\"https://www.embuguacu.sp.leg.br/institucional/noticias/copy3_of_02ANEXOIIModeloProcurao.doc\" class=\"internal-link\" target=\"_blank\"><img src=\"https://www.embuguacu.sp.leg.br/imagens/WORD.jpg/@@images/064e2f49-4936-47b5-b083-71bb758365eb.jpeg\" alt=\"\" class=\"image-inline\" title=\"\" />ANEXO II - Modelo Procura\u00e7\u00e3o;</a></p>\r\n<p><a title=\"\" href=\"https://www.embuguacu.sp.leg.br/institucional/noticias/copy2_of_03ANEXOIIIRequisitosqueatendeahabilitao.doc\" class=\"internal-link\" target=\"_blank\"><img src=\"https://www.embuguacu.sp.leg.br/imagens/WORD.jpg/@@images/064e2f49-4936-47b5-b083-71bb758365eb.jpeg\" alt=\"\" class=\"image-inline\" title=\"\" />ANEXO III - Requisitos que atende a habilita\u00e7\u00e3o;</a></p>\r\n<p><a title=\"\" href=\"https://www.embuguacu.sp.leg.br/institucional/noticias/copy_of_04ANEXOIVMinutadecontrato.doc\" class=\"internal-link\" target=\"_self\"><img src=\"https://www.embuguacu.sp.leg.br/imagens/WORD.jpg/@@images/064e2f49-4936-47b5-b083-71bb758365eb.jpeg\" alt=\"\" class=\"image-inline\" title=\"\" />ANEXO IV - Minuta de contrato;</a></p>\r\n<p><a title=\"\" href=\"https://www.embuguacu.sp.leg.br/institucional/noticias/copy3_of_05ANEXOVDeclaraodeMircroempresas.doc\" class=\"internal-link\" target=\"_blank\"><img src=\"https://www.embuguacu.sp.leg.br/imagens/WORD.jpg/@@images/064e2f49-4936-47b5-b083-71bb758365eb.jpeg\" alt=\"\" class=\"image-inline\" title=\"\" />ANEXO V - Declara\u00e7\u00e3o de Mircroempresas;</a></p>\r\n<p><a title=\"\" href=\"https://www.embuguacu.sp.leg.br/institucional/noticias/copy4_of_06ANEXOVIDeclaraodeRetiradadoEdital.doc\" class=\"internal-link\" target=\"_blank\"><img src=\"https://www.embuguacu.sp.leg.br/imagens/WORD.jpg/@@images/064e2f49-4936-47b5-b083-71bb758365eb.jpeg\" alt=\"\" class=\"image-inline\" title=\"\" />ANEXO VI - Declara\u00e7\u00e3o de Retirada do Edital;</a></p>\r\n<p><a title=\"\" href=\"https://www.embuguacu.sp.leg.br/institucional/noticias/copy4_of_07ANEXOVIIModelopropostadepreos.doc\" class=\"internal-link\" target=\"_blank\"><img src=\"https://www.embuguacu.sp.leg.br/imagens/WORD.jpg/@@images/064e2f49-4936-47b5-b083-71bb758365eb.jpeg\" alt=\"\" class=\"image-inline\" title=\"\" />ANEXO VII - Modelo proposta de pre\u00e7os;</a></p>\r\n<p><a title=\"\" href=\"https://www.embuguacu.sp.leg.br/institucional/noticias/copy3_of_08ANEXOVIIIFatoimpeditivo.doc\" class=\"internal-link\" target=\"_blank\"><img src=\"https://www.embuguacu.sp.leg.br/imagens/WORD.jpg/@@images/064e2f49-4936-47b5-b083-71bb758365eb.jpeg\" alt=\"\" class=\"image-inline\" title=\"\" />ANEXO VIII - Fato impeditivo;</a></p>\r\n<p><a title=\"\" href=\"https://www.embuguacu.sp.leg.br/institucional/noticias/copy3_of_09ANEXOIXModeloDeclaraoquenoempregamenor.doc\" class=\"internal-link\" target=\"_blank\"><img src=\"https://www.embuguacu.sp.leg.br/imagens/WORD.jpg/@@images/064e2f49-4936-47b5-b083-71bb758365eb.jpeg\" alt=\"\" class=\"image-inline\" title=\"\" />ANEXO IX - Modelo Declara\u00e7\u00e3o que n\u00e3o emprega menor.</a></p>\r\n<p>Obs.: Os anexos encontram-se dispon\u00edveis tamb\u00e9m em nosso Portal da Transpar\u00eancia. <a class=\"external-link\" href=\"http://201.139.222.222:8888/CECAM_SISTEMAS_PORTAL/Pages/Geral/wfLicitacao.aspx\" target=\"_blank\" title=\"\">Clique Aqui</a></p>\r\n<pre>Fonte: CMEG</pre>", "author_name": "vania", "version": "1.0", "author_url": "https://www.embuguacu.sp.leg.br/author/vania", "provider_name": "C\u00e2mara Municipal de Embu-Gua\u00e7u", "type": "rich"}