{"provider_url": "https://www.embuguacu.sp.leg.br", "title": "EDITAL DE LICITA\u00c7\u00c3O 002-2022", "html": "<p><span>O\u00a0</span><b>PREG\u00c3O PRESENCIAL</b><span>\u00a0ser\u00e1 realizado 23</span><b>\u00a0de junho de 2022,</b><span>\u00a0com in\u00edcio \u00e0s\u00a0</span><b>09h00</b><span>, no Plen\u00e1rio da C\u00e2mara Municipal de Embu-Gua\u00e7u, Rua Em\u00edlia Pires, 135 Centro, CEP 06900-130, Embu-Gua\u00e7u, SP, quando dever\u00e3o ser apresentados, no in\u00edcio.</span></p>\r\n<p><span><strong><a title=\"\" href=\"https://www.embuguacu.sp.leg.br/institucional/noticias/01EDITAL0022022SERVIDORDEDADOS.doc\" class=\"internal-link\" target=\"_self\"><img alt=\"\" class=\"image-inline\" src=\"../../imagens/WORD.jpg/@@images/064e2f49-4936-47b5-b083-71bb758365eb.jpeg\" title=\"\" />EDITAL 002-2022 - PREG\u00c3O PRESENCIAL</a></strong></span></p>\r\n<p><span><strong><strong><a title=\"\" href=\"https://www.embuguacu.sp.leg.br/institucional/noticias/copy4_of_01ANEXOITermodeReferencia.doc\" class=\"internal-link\" target=\"_blank\"><img alt=\"\" class=\"image-inline\" src=\"../../imagens/WORD.jpg/@@images/064e2f49-4936-47b5-b083-71bb758365eb.jpeg\" title=\"\" />01 ANEXO I - Termo de Referencia</a></strong></strong></span></p>\r\n<p><span><strong><strong><a title=\"\" href=\"https://www.embuguacu.sp.leg.br/institucional/noticias/02ANEXOIIModeloProcurao1.doc\" class=\"internal-link\" target=\"_blank\"><img alt=\"\" class=\"image-inline\" src=\"../../imagens/WORD.jpg/@@images/064e2f49-4936-47b5-b083-71bb758365eb.jpeg\" title=\"\" />02 ANEXO II - Modelo Procura\u00e7\u00e3o</a></strong></strong></span></p>\r\n<p><span><strong><strong><a title=\"\" href=\"https://www.embuguacu.sp.leg.br/institucional/noticias/copy5_of_03ANEXOIIIRequisitosqueatendeahabilitao.doc\" class=\"internal-link\" target=\"_blank\"><img alt=\"\" class=\"image-inline\" src=\"../../imagens/WORD.jpg/@@images/064e2f49-4936-47b5-b083-71bb758365eb.jpeg\" title=\"\" />03 ANEXO III - Requisitos que atende a habilita\u00e7\u00e3o</a></strong></strong></span></p>\r\n<p><span><strong><strong><a title=\"\" href=\"https://www.embuguacu.sp.leg.br/institucional/noticias/04ANEXOIVDeclaraodeMircroempresas.doc\" class=\"internal-link\" target=\"_blank\"><img alt=\"\" class=\"image-inline\" src=\"../../imagens/WORD.jpg/@@images/064e2f49-4936-47b5-b083-71bb758365eb.jpeg\" title=\"\" />04 ANEXO IV - Declara\u00e7\u00e3o de Mircroempresas</a></strong></strong></span></p>\r\n<p><span><strong><strong><a title=\"\" href=\"https://www.embuguacu.sp.leg.br/institucional/noticias/05ANEXOVDeclaraodeRetiradadoEdital.doc\" class=\"internal-link\" target=\"_blank\"><img alt=\"\" class=\"image-inline\" src=\"../../imagens/WORD.jpg/@@images/064e2f49-4936-47b5-b083-71bb758365eb.jpeg\" title=\"\" />05 ANEXO V - Declara\u00e7\u00e3o de Retirada do Edital</a></strong></strong></span></p>\r\n<p><span><strong><strong><a title=\"\" href=\"https://www.embuguacu.sp.leg.br/institucional/noticias/06ANEXOVIModelopropostadepreos.doc\" class=\"internal-link\" target=\"_blank\"><img alt=\"\" class=\"image-inline\" src=\"../../imagens/WORD.jpg/@@images/064e2f49-4936-47b5-b083-71bb758365eb.jpeg\" title=\"\" />06 ANEXO VI - Modelo proposta de pre\u00e7os</a></strong></strong></span></p>\r\n<p><span><strong><strong><a title=\"\" href=\"https://www.embuguacu.sp.leg.br/institucional/noticias/07ANEXOVIIFatoimpeditivo.doc\" class=\"internal-link\" target=\"_blank\"><img alt=\"\" class=\"image-inline\" src=\"../../imagens/WORD.jpg/@@images/064e2f49-4936-47b5-b083-71bb758365eb.jpeg\" title=\"\" />07 ANEXO VII - Fato impeditivo</a></strong></strong></span></p>\r\n<p><span><strong><strong><a title=\"\" href=\"https://www.embuguacu.sp.leg.br/institucional/noticias/08ANEXOVIIIModeloDeclaraoquenoempregamenor.doc\" class=\"internal-link\" target=\"_blank\"><img alt=\"\" class=\"image-inline\" src=\"../../imagens/WORD.jpg/@@images/064e2f49-4936-47b5-b083-71bb758365eb.jpeg\" title=\"\" />08 ANEXO VIII - Modelo Declara\u00e7\u00e3o que n\u00e3o emprega menor</a></strong></strong></span></p>\r\n<p><span>\u00a0</span></p>\r\n<pre><b>Fonte: CMEG</b></pre>\r\n<div><b><br /></b></div>\r\n<p><span><strong><br /></strong></span></p>", "author_name": "", "version": "1.0", "author_url": "https://www.embuguacu.sp.leg.br/author/adm", "provider_name": "C\u00e2mara Municipal de Embu-Gua\u00e7u", "type": "rich"}