{"provider_url": "https://www.embuguacu.sp.leg.br", "title": "EDITAL DE LICITA\u00c7\u00c3O 002-2021", "html": "<p>O <strong>PREG\u00c3O PRESENCIAL</strong> ser\u00e1 realizado dia <strong>20 de Maio de 2021</strong>, com in\u00edcio \u00e0s\u00a0<strong>10h00</strong>, no Plen\u00e1rio da C\u00e2mara Municipal de Embu-Gua\u00e7u, Rua Emilia Pires, 135 - Centro, CEP 06900-000, Embu-Gua\u00e7u, SP., no Plen\u00e1rio da C\u00e2mara Municipal, conforme edital.</p>\r\n<p><a title=\"\" href=\"https://www.embuguacu.sp.leg.br/institucional/noticias/copy_of_EDITAL0022021PREGOPRESENCIAL.pdf\" class=\"internal-link\" target=\"_blank\"><img src=\"https://www.embuguacu.sp.leg.br/imagens/iconepdf.jpg/@@images/a4d976db-5803-47f0-b0c9-9de331e3cbe2.jpeg\" alt=\"\" class=\"image-inline\" title=\"\" />EDITAL 002-2021 - PREG\u00c3O PRESENCIAL</a>;</p>\r\n<p><a title=\"\" href=\"https://www.embuguacu.sp.leg.br/institucional/noticias/01ANEXOITermodeReferenciaNOVO.doc\" class=\"internal-link\" target=\"_blank\"><img src=\"https://www.embuguacu.sp.leg.br/imagens/WORD.jpg/@@images/064e2f49-4936-47b5-b083-71bb758365eb.jpeg\" alt=\"\" class=\"image-inline\" title=\"\" /><span>ANEXO I - Termo de refer\u00eancia;</span></a></p>\r\n<p><a title=\"\" href=\"https://www.embuguacu.sp.leg.br/institucional/noticias/copy_of_02ANEXOIIModeloProcurao.doc\" class=\"internal-link\" target=\"_blank\"><img src=\"https://www.embuguacu.sp.leg.br/imagens/WORD.jpg/@@images/064e2f49-4936-47b5-b083-71bb758365eb.jpeg\" alt=\"\" class=\"image-inline\" title=\"\" />ANEXO II - Modelo de procura\u00e7\u00e3o para credenciamento;</a></p>\r\n<p><a title=\"\" href=\"https://www.embuguacu.sp.leg.br/institucional/noticias/03ANEXOIIIRequisitosqueatendeahabilitao.doc\" class=\"internal-link\" target=\"_blank\"><img src=\"https://www.embuguacu.sp.leg.br/imagens/WORD.jpg/@@images/064e2f49-4936-47b5-b083-71bb758365eb.jpeg\" alt=\"\" class=\"image-inline\" title=\"\" />ANEXO III - Requisitos que atende a habilita\u00e7\u00e3o;</a></p>\r\n<p><a title=\"\" href=\"https://www.embuguacu.sp.leg.br/institucional/noticias/04ANEXOIVModeloTermodeCompromissodeentrega.doc\" class=\"internal-link\" target=\"_blank\"><img src=\"https://www.embuguacu.sp.leg.br/imagens/WORD.jpg/@@images/064e2f49-4936-47b5-b083-71bb758365eb.jpeg\" alt=\"\" class=\"image-inline\" title=\"\" />ANEXO IV - Modelo Termo de Compromisso de entrega;</a></p>\r\n<p><a title=\"\" href=\"https://www.embuguacu.sp.leg.br/institucional/noticias/copy_of_05ANEXOVDeclaraodeMircroempresas.doc\" class=\"internal-link\" target=\"_blank\"><img src=\"https://www.embuguacu.sp.leg.br/imagens/WORD.jpg/@@images/064e2f49-4936-47b5-b083-71bb758365eb.jpeg\" alt=\"\" class=\"image-inline\" title=\"\" />ANEXO V - Declara\u00e7\u00e3o de Microempresas;</a></p>\r\n<p><a title=\"\" href=\"https://www.embuguacu.sp.leg.br/institucional/noticias/copy_of_06ANEXOVIDeclaraodeRetiradadoEdital.doc\" class=\"internal-link\" target=\"_blank\"><img src=\"https://www.embuguacu.sp.leg.br/imagens/WORD.jpg/@@images/064e2f49-4936-47b5-b083-71bb758365eb.jpeg\" alt=\"\" class=\"image-inline\" title=\"\" />ANEXO VI - Declara\u00e7\u00e3o de Retirada do Edital;</a></p>\r\n<p><a title=\"\" href=\"https://www.embuguacu.sp.leg.br/institucional/noticias/copy2_of_07ANEXOVIIModelopropostadepreos.doc\" class=\"internal-link\" target=\"_blank\"><img src=\"https://www.embuguacu.sp.leg.br/imagens/WORD.jpg/@@images/064e2f49-4936-47b5-b083-71bb758365eb.jpeg\" alt=\"\" class=\"image-inline\" title=\"\" />ANEXO VII - Modelo proposta de pre\u00e7os;</a></p>\r\n<p><a title=\"\" href=\"https://www.embuguacu.sp.leg.br/institucional/noticias/copy_of_08ANEXOVIIIFatoimpeditivo.doc\" class=\"internal-link\" target=\"_blank\"><img src=\"https://www.embuguacu.sp.leg.br/imagens/WORD.jpg/@@images/064e2f49-4936-47b5-b083-71bb758365eb.jpeg\" alt=\"\" class=\"image-inline\" title=\"\" />Anexo VIII - Modelo de declara\u00e7\u00e3o de que n\u00e3o possui fato impeditivo;</a></p>\r\n<p><a title=\"\" href=\"https://www.embuguacu.sp.leg.br/institucional/noticias/copy_of_09ANEXOIXModeloDeclaraoquenoempregamenor.doc\" class=\"internal-link\" target=\"_blank\"><img src=\"https://www.embuguacu.sp.leg.br/imagens/WORD.jpg/@@images/064e2f49-4936-47b5-b083-71bb758365eb.jpeg\" alt=\"\" class=\"image-inline\" title=\"\" />Anexo IX - Modelo de que n\u00e3o emprega menores.</a></p>\r\n<p><a title=\"\" href=\"https://www.embuguacu.sp.leg.br/institucional/noticias/COTAO.docx\" class=\"internal-link\" target=\"_blank\"><img src=\"https://www.embuguacu.sp.leg.br/imagens/WORD.jpg/@@images/064e2f49-4936-47b5-b083-71bb758365eb.jpeg\" alt=\"\" class=\"image-inline\" title=\"\" />COTA\u00c7\u00c3O</a></p>\r\n<p>\u00a0</p>\r\n<pre>Fonte: CMEG</pre>", "author_name": "vania", "version": "1.0", "author_url": "https://www.embuguacu.sp.leg.br/author/vania", "provider_name": "C\u00e2mara Municipal de Embu-Gua\u00e7u", "type": "rich"}