{"provider_url": "https://www.embuguacu.sp.leg.br", "title": "EDITAL DE LICITA\u00c7\u00c3O 001-2021", "html": "<p><span>O <b>PREG\u00c3O PRESENCIAL</b> ser\u00e1 realizado dia <b><span>10 de mar\u00e7o de 2021</span></b>, com in\u00edcio \u00e0s <b>10h00</b>, \u00a0no Plen\u00e1rio da C\u00e2mara Municipal de Embu-Gua\u00e7u, Rua Emilia Pires, 135 Centro, CEP 06900-000, Embu-Gua\u00e7u, SP, conforme edital.</span></p>\r\n<p><a title=\"\" href=\"https://www.embuguacu.sp.leg.br/institucional/noticias/001EDITALDETONERcorrigido.pdf\" class=\"internal-link\" target=\"_blank\"><img src=\"https://www.embuguacu.sp.leg.br/imagens/iconepdf.jpg/@@images/a4d976db-5803-47f0-b0c9-9de331e3cbe2.jpeg\" alt=\"\" class=\"image-inline\" title=\"\" />EDITAL\u00a0</a></p>\r\n<p><a title=\"\" href=\"https://www.embuguacu.sp.leg.br/institucional/noticias/01ANEXOITermodeReferencia.doc\" class=\"internal-link\" target=\"_blank\"><img src=\"https://www.embuguacu.sp.leg.br/imagens/WORD.jpg/@@images/064e2f49-4936-47b5-b083-71bb758365eb.jpeg\" alt=\"\" class=\"image-inline\" title=\"\" />01 ANEXO I - Termo de Referencia</a></p>\r\n<p><a title=\"\" href=\"https://www.embuguacu.sp.leg.br/institucional/noticias/02ANEXOIIModeloProcurao.doc\" class=\"internal-link\" target=\"_blank\"><img src=\"https://www.embuguacu.sp.leg.br/imagens/WORD.jpg/@@images/064e2f49-4936-47b5-b083-71bb758365eb.jpeg\" alt=\"\" class=\"image-inline\" title=\"\" />02 ANEXO II - Modelo Procura\u00e7\u00e3o</a></p>\r\n<p><a title=\"\" href=\"https://www.embuguacu.sp.leg.br/institucional/noticias/03ANEXOIIIRequesitosqueatendeahabilitao.doc\" class=\"internal-link\" target=\"_blank\"><img src=\"https://www.embuguacu.sp.leg.br/imagens/WORD.jpg/@@images/064e2f49-4936-47b5-b083-71bb758365eb.jpeg\" alt=\"\" class=\"image-inline\" title=\"\" />03 ANEXO III - Requisitos que atende a habilita\u00e7\u00e3o</a></p>\r\n<p><a title=\"\" href=\"https://www.embuguacu.sp.leg.br/institucional/noticias/04ANEXOIVModeloContrato.doc\" class=\"internal-link\" target=\"_blank\"><img src=\"https://www.embuguacu.sp.leg.br/imagens/WORD.jpg/@@images/064e2f49-4936-47b5-b083-71bb758365eb.jpeg\" alt=\"\" class=\"image-inline\" title=\"\" />04 ANEXO IV - Modelo Contrato</a></p>\r\n<p><a title=\"\" href=\"https://www.embuguacu.sp.leg.br/institucional/noticias/05ANEXOVDeclaraodeMircroempresas.doc\" class=\"internal-link\" target=\"_blank\"><img src=\"https://www.embuguacu.sp.leg.br/imagens/WORD.jpg/@@images/064e2f49-4936-47b5-b083-71bb758365eb.jpeg\" alt=\"\" class=\"image-inline\" title=\"\" />05 ANEXO V - Declara\u00e7\u00e3o de Microempresas</a></p>\r\n<p><a title=\"\" href=\"https://www.embuguacu.sp.leg.br/institucional/noticias/06ANEXOVIDeclaraodeRetiradadoEdital.doc\" class=\"internal-link\" target=\"_blank\"><img src=\"https://www.embuguacu.sp.leg.br/imagens/WORD.jpg/@@images/064e2f49-4936-47b5-b083-71bb758365eb.jpeg\" alt=\"\" class=\"image-inline\" title=\"\" />06 ANEXO VI - Declara\u00e7\u00e3o de Retirada do Edital</a></p>\r\n<p><a title=\"\" href=\"https://www.embuguacu.sp.leg.br/institucional/noticias/copy_of_07ANEXOVIIModelopropostadepreos.doc\" class=\"internal-link\" target=\"_blank\"><img src=\"https://www.embuguacu.sp.leg.br/imagens/WORD.jpg/@@images/064e2f49-4936-47b5-b083-71bb758365eb.jpeg\" alt=\"\" class=\"image-inline\" title=\"\" />07 ANEXO VII - Modelo proposta de pre\u00e7os</a></p>\r\n<p><a title=\"\" href=\"https://www.embuguacu.sp.leg.br/institucional/noticias/08ANEXOVIIIFatoimpeditivo.doc\" class=\"internal-link\" target=\"_blank\"><img src=\"https://www.embuguacu.sp.leg.br/imagens/WORD.jpg/@@images/064e2f49-4936-47b5-b083-71bb758365eb.jpeg\" alt=\"\" class=\"image-inline\" title=\"\" />08 ANEXO VIII - Fato impeditivo</a></p>\r\n<p><a title=\"\" href=\"https://www.embuguacu.sp.leg.br/institucional/noticias/09ANEXOIXModeloDeclaraoquenoempregamenor.doc\" class=\"internal-link\" target=\"_blank\"><img src=\"https://www.embuguacu.sp.leg.br/imagens/WORD.jpg/@@images/064e2f49-4936-47b5-b083-71bb758365eb.jpeg\" alt=\"\" class=\"image-inline\" title=\"\" />09 ANEXO IX - Modelo Declara\u00e7\u00e3o que n\u00e3o emprega menor</a></p>\r\n<p><a title=\"\" href=\"https://www.embuguacu.sp.leg.br/institucional/noticias/ATADOPREGAOPRESENCIAL012021.pdf\" class=\"internal-link\" target=\"_blank\"><img src=\"https://www.embuguacu.sp.leg.br/imagens/iconepdf.jpg/@@images/a4d976db-5803-47f0-b0c9-9de331e3cbe2.jpeg\" alt=\"\" class=\"image-inline\" title=\"\" />ATA DO PREGAO PRESENCIAL 01-2021</a></p>", "author_name": "vania", "version": "1.0", "author_url": "https://www.embuguacu.sp.leg.br/author/vania", "provider_name": "C\u00e2mara Municipal de Embu-Gua\u00e7u", "type": "rich"}