{"provider_url": "https://www.embuguacu.sp.leg.br", "title": "DISPENSA DE LICITA\u00c7\u00c3O", "html": "<p align=\"center\"><strong>AVISO DE DISPENSA DE LICITA\u00c7\u00c3O</strong></p>\r\n<p style=\"text-align: justify; \">A C\u00c2MARA MUNICIPAL DE EMBU-GUA\u00c7U, em conformidade com o art. 75, inciso I, da Lei Federal n\u00ba 14.133/2021, Nova Lei de Licita\u00e7\u00f5es e Contratos Administrativos, torna p\u00fablico que a Administra\u00e7\u00e3o pretende realizar a\u00a0<strong>Contrata\u00e7\u00e3o de empresa especializada para elabora\u00e7\u00e3o de projeto b\u00e1sico e executivo de reforma do telhado e do piso do estacionamento da C\u00e2mara Municipal de Embu-Gua\u00e7u, conforme o Termo de Refer\u00eancia.</strong></p>\r\n<p style=\"text-align: justify; \"><br /> <strong>JUSTIFICATIVA</strong>:\u00a0A presente contrata\u00e7\u00e3o de empresa especializada, visa garantir\u00a0 a qualidade do servi\u00e7o de reforma, pois define as solu\u00e7\u00f5es t\u00e9cnicas, tipos de servi\u00e7os a executar, prazo para execu\u00e7\u00e3o, or\u00e7amento estimado, materiais e suas especifica\u00e7\u00f5es t\u00e9cnicas, al\u00e9m de servir como base para a elabora\u00e7\u00e3o do Edital de licita\u00e7\u00e3o para a fase da execu\u00e7\u00e3o da reforma.</p>\r\n<p style=\"text-align: justify; \"><strong>FORNECEDORES:<br /> </strong>Eventuais interessados podem apresentar proposta de pre\u00e7o no prazo de 03 (tr\u00eas) dias \u00fateis, oportunidade em que a Administra\u00e7\u00e3o escolher\u00e1 a mais vantajosa.</p>\r\n<p style=\"text-align: justify; \">Propostas dever\u00e3o ser encaminhadas de <strong>28/08/2024 at\u00e9 30/08/2024.</strong><br /> Os interessados em apresentar proposta, entrar em contato, atrav\u00e9s do e-mail: <a href=\"mailto:agentecontratacao@embuguacu.sp.leg.br\">agentecontratacao@embuguacu.sp.leg.br</a>\u00a0</p>\r\n<p style=\"text-align: justify; \"><b>Valor estimado do servi\u00e7o</b> <b>\u00e9 de R$ 76.286,49.</b></p>\r\n<p style=\"text-align: justify; \"><b>\u00a0</b></p>\r\n<p style=\"text-align: justify; \"><b>ESCLARECIMENTOS </b></p>\r\n<p style=\"text-align: justify; \">O <b>termo de refer\u00eancia</b> encontra-se a disposi\u00e7\u00e3o dos interessados nos sites <a href=\"https://www.embuguacu.sp.leg.br/\">https://www.embuguacu.sp.leg.br/</a>,\u00a0 <a href=\"https://pncp.gov.br/app/editais\">https://pncp.gov.br/app/editais</a> e na plataforma eletr\u00f4nica www.bll.org.br.</p>\r\n<p>Consulta:\u00a0\u00a0<a class=\"external-link\" href=\"https://www.embuguacu.sp.leg.br/transparencia/licitacoes-1/licitacoes-2024/contratacoes-diretas/dispensa-de-licitacao/dispensa-de-licitacao-servico-de-arquitetura/termo-de-referencia/view\" target=\"_self\" title=\"https://www.embuguacu.sp.leg.br/transparencia/licitacoes-1/licitacoes-2024/contratacoes-diretas/dispensa-de-licitacao/dispensa-de-licitacao-servico-de-arquitetura/termo-de-referencia/view\">https://www.embuguacu.sp.leg.br/transparencia/licitacoes-1/licitacoes-2024/contratacoes-diretas/dispensa-de-licitacao/dispensa-de-licitacao-servico-de-arquitetura/termo-de-referencia/view</a></p>\r\n<p>\u00a0</p>", "author_name": "", "version": "1.0", "author_url": "https://www.embuguacu.sp.leg.br/author/jessica", "provider_name": "C\u00e2mara Municipal de Embu-Gua\u00e7u", "type": "rich"}