{"provider_url": "https://www.embuguacu.sp.leg.br", "title": "DIPLOMA\u00c7\u00c3O DOS ELEITOS EM 2024", "html": "<p>A C\u00e2mara Municipal de Embu-Gua\u00e7u sediou na ultima ter\u00e7a-feira (10), \u00e0s 18h, evento de diploma\u00e7\u00e3o do prefeito, vice-prefeito e dos 13 vereadores eleitos no pleito de outubro, em Embu-Gua\u00e7u.</p>\r\n<p>O diploma \u00e9 o documento que atesta que a candidata e o candidato foram eleitos e est\u00e3o aptos a tomar posse no cargo, enquanto a diploma\u00e7\u00e3o \u00e9 o ato de entrega dos diplomas devidamente assinados \u00e0s pessoas eleitas.</p>\r\n<p>Isso somente ocorreu ap\u00f3s a totaliza\u00e7\u00e3o dos votos e a verifica\u00e7\u00e3o das pessoas eleitas e passados os prazos de questionamento e de processamento do resultado das elei\u00e7\u00f5es.</p>\r\n<p>A partir da diploma\u00e7\u00e3o, a candidata e o candidato eleitos passam a estar aptos a tomar posse no cargo de prefeito, vice-prefeito ou vereador para o qual foram eleitos.</p>\r\n<p>O evento foi conduzido pela Justi\u00e7a Eleitoral, sob responsabilidade da 370\u00aa Zona Eleitoral de Embu-Gua\u00e7u, que fez a assinatura e entrega dos documentos ao prefeito eleito Sargento Neres e ao vice-prefeito Francisco - Neguinho.</p>\r\n<p>Tamb\u00e9m foram diplomados os vereadores eleitos:</p>\r\n<p>Elton Camargo Corr\u00eaa, Vinicius do Man\u00e9, Isaias Coelho, Douglas da Analice, Marcia Almeida, Jo\u00e3ozinho do Cavalo, Carlos Tatto, Toninho Val Flor, Engenheiro Barros, Maicon Siqueira, Professor Colle, David Reis e Clebinho Jogador.</p>\r\n<p class=\" \"><em><strong>Parab\u00e9ns aos novos Diplomados que ser\u00e3o empossados em\u00a0 01 de janeiro de 2025,na C\u00e2mara Municipal de Embu-Gua\u00e7u.</strong></em></p>\r\n<p class=\" \" style=\"text-align: center; \">Confira as fotos da Sess\u00e3o\u00a0<strong><a class=\"external-link\" href=\"https://drive.google.com/drive/folders/1DX8HFU8zreJAwOvUF_A7REc2pQBtG06D?usp=sharing\" target=\"_self\" title=\"\">clicando aqui</a></strong>.</p>\r\n<p style=\"text-align: center; \">Confira o video da Sess\u00e3o\u00a0<strong><a class=\"external-link\" href=\"https://www.youtube.com/watch?v=4_wfpEV46to\" target=\"_self\" title=\"\">clicando aqui</a></strong>.<a class=\"external-link\" href=\"https://www.youtube.com/watch?v=8eQ-0uS8TSw\" target=\"_self\" title=\"\"></a></p>\r\n<p><em><strong>Fotos por Keize Bia</strong></em></p>\r\n<p><img src=\"https://www.embuguacu.sp.leg.br/institucional/fotos/diplomacao-dos-eleitos-em-2024/diplomacao-dos-eleitos-em-2024-24.jpeg/@@images/7b654208-76cf-46c6-81e1-927e38a6e8af.jpeg\" alt=\"Diploma\u00e7\u00e3o dos eleitos em 2024 (24).jpeg\" class=\"image-inline\" title=\"Diploma\u00e7\u00e3o dos eleitos em 2024 (24).jpeg\" />\u00a0</p>\r\n<p><em>Fotos por Keize Bia.</em></p>\r\n<pre>Fonte: CMEG</pre>", "author_name": "", "version": "1.0", "author_url": "https://www.embuguacu.sp.leg.br/author/admin", "provider_name": "C\u00e2mara Municipal de Embu-Gua\u00e7u", "type": "rich"}