{"provider_url": "https://www.embuguacu.sp.leg.br", "title": "DEZEMBRO VERMELHO", "html": "<p style=\"text-align: justify; \" data-start=\"21\" data-end=\"365\">A C\u00e2mara Municipal de Embu-Gua\u00e7u aderiu \u00e0 campanha Dezembro Vermelho, m\u00eas de conscientiza\u00e7\u00e3o e preven\u00e7\u00e3o \u00e0s infec\u00e7\u00f5es sexualmente transmiss\u00edveis (ISTs), com destaque para o HIV/Aids. A iniciativa tem como objetivo refor\u00e7ar a import\u00e2ncia da informa\u00e7\u00e3o, da testagem e do tratamento precoce, bem como do combate ao preconceito e \u00e0 discrimina\u00e7\u00e3o.</p>\r\n<p style=\"text-align: justify; \" data-start=\"367\" data-end=\"745\">Durante todo o m\u00eas, em todo o pa\u00eds, s\u00e3o realizadas a\u00e7\u00f5es para alertar a popula\u00e7\u00e3o sobre os cuidados com a sa\u00fade sexual e reprodutiva, estimulando o uso de preservativos, a realiza\u00e7\u00e3o de exames e o acompanhamento m\u00e9dico regular. A preven\u00e7\u00e3o continua sendo a forma mais eficaz de evitar novas infec\u00e7\u00f5es e de garantir qualidade de vida \u00e0s pessoas que vivem com HIV e outras ISTs.</p>\r\n<p style=\"text-align: justify; \" data-start=\"747\" data-end=\"1087\">No munic\u00edpio, a rede de sa\u00fade segue sendo a porta de entrada para orienta\u00e7\u00f5es, testes r\u00e1pidos e encaminhamento para tratamento quando necess\u00e1rio, de forma gratuita e sigilosa. A popula\u00e7\u00e3o pode procurar a Unidade B\u00e1sica de Sa\u00fade mais pr\u00f3xima para obter informa\u00e7\u00f5es, retirar preservativos e esclarecer d\u00favidas com os profissionais de sa\u00fade.</p>\r\n<p style=\"text-align: justify; \" data-start=\"1089\" data-end=\"1372\">Ao apoiar a campanha, a C\u00e2mara Municipal de Embu-Gua\u00e7u busca contribuir para a constru\u00e7\u00e3o de uma sociedade mais consciente, acolhedora e livre de estigmas, refor\u00e7ando que a informa\u00e7\u00e3o correta salva vidas e que o respeito \u00e0s pessoas que vivem com HIV/Aids \u00e9 um compromisso de todos.</p>\r\n<p style=\"text-align: center; \"><em><strong>\u00a0A preven\u00e7\u00e3o \u00e9 sempre o melhor tratamento.</strong></em></p>\r\n<p style=\"text-align: center; \" data-start=\"1423\" data-end=\"1473\" data-is-last-node=\"\" data-is-only-node=\"\"><em><strong>A C\u00e2mara Municipal de Embu-Gua\u00e7u apoia essa causa.</strong></em></p>\r\n<p>\u00a0\u00a0</p>\r\n<p data-start=\"1229\" data-end=\"1560\"><strong data-start=\"1562\" data-end=\"1678\"></strong></p>\r\n<pre>Fonte: C\u00c2MARA MUNICIPAL DE EMBU-GUA\u00c7U</pre>", "author_name": "", "version": "1.0", "author_url": "https://www.embuguacu.sp.leg.br/author/admin", "provider_name": "C\u00e2mara Municipal de Embu-Gua\u00e7u", "type": "rich"}