{"provider_url": "https://www.embuguacu.sp.leg.br", "title": "CONCURSO P\u00daBLICO - \u00daLTIMOS DIAS DE INSCRI\u00c7\u00d5ES", "html": "<p style=\"text-align: justify; \"><span style=\"text-align: justify; \">Na pr\u00f3xima segunda-feira (03/10),</span><span style=\"text-align: justify; \">\u00a0\u00e9 o \u00faltimo dia de inscri\u00e7\u00f5es para o concurso p\u00fablico da C\u00e2mara Municipal</span><span style=\"text-align: justify; \"> de Embu-Gua\u00e7u. As inscri\u00e7\u00f5es devem ser realizadas pelo site do Instituto Avan\u00e7a S\u00e3o Paulo (</span><a class=\"external-link\" href=\"https://www.avancasp.org.br/informacoes/42/\" style=\"text-align: justify; \" target=\"_self\" title=\"\">https://www.avancasp.org.br/informacoes/42/</a><span style=\"text-align: justify; \">), respons\u00e1vel pela realiza\u00e7\u00e3o do certame.\u00a0</span><span style=\"text-align: justify; \">A taxa de inscri\u00e7\u00e3o ser\u00e1 de R$ 73,50.</span></p>\r\n<p style=\"text-align: justify; \"><span>Est\u00e3o sendo ofertadas vagas para Analista Legislativo, Contador, Controlador Interno e Procurador Jur\u00eddico do Legislativo.</span></p>\r\n<p style=\"text-align: justify; \">As provas ser\u00e3o realizadas no dia 27 de novembro, nos turnos matutino e vespertino.\u00a0</p>\r\n<p>Confira o Edital Completo\u00a0<a title=\"\" href=\"https://www.embuguacu.sp.leg.br/institucional/noticias/Edital5.0.pdf\" class=\"internal-link\" target=\"_self\"><strong>clicando aqui\u00a0</strong>\u00a0<img alt=\"\" class=\"image-inline\" src=\"../../imagens/iconepdf.jpg/@@images/a4d976db-5803-47f0-b0c9-9de331e3cbe2.jpeg\" title=\"\" />\u00a0</a></p>\r\n<p><span>Maiores informa\u00e7\u00f5es acesse:\u00a0</span><a class=\"external-link\" href=\"https://www.avancasp.org.br/informacoes/42/\" target=\"_self\" title=\"\">https://www.avancasp.org.br/informacoes/42/</a></p>\r\n<p>\u00a0<span>\u00a0</span></p>\r\n<div>\r\n<pre><b>Fonte: CMEG</b></pre>\r\n<div><b><br /></b></div>\r\n</div>", "author_name": "", "version": "1.0", "author_url": "https://www.embuguacu.sp.leg.br/author/adm", "provider_name": "C\u00e2mara Municipal de Embu-Gua\u00e7u", "type": "rich"}