{"provider_url": "https://www.embuguacu.sp.leg.br", "title": "CONCURSO P\u00daBLICO DA C\u00c2MARA DE EMBU-GUA\u00c7U", "html": "<p style=\"text-align: justify; \">Come\u00e7am nesta segunda-feira (10/07) as inscri\u00e7\u00f5es para o concurso p\u00fablico da C\u00e2mara Municipal de Embu-Gua\u00e7u. O prazo para os interessados fazerem as inscri\u00e7\u00f5es segue at\u00e9 o dia 14 de agosto e devem ser realizadas pelo site do Instituto Avan\u00e7a S\u00e3o Paulo (<strong><a class=\"external-link\" href=\"https://www.avancasp.org.br/informacoes/71/\" target=\"_self\" title=\"\">https://www.avancasp.org.br/</a></strong>), respons\u00e1vel pela realiza\u00e7\u00e3o do certame.</p>\r\n<p style=\"text-align: justify; \">A taxa de inscri\u00e7\u00e3o ser\u00e1 de R$ 55,15 (n\u00edvel m\u00e9dio) e R$ 73,50 (n\u00edvel superior). O prazo para solicita\u00e7\u00e3o de isen\u00e7\u00e3o do pagamento da taxa de inscri\u00e7\u00f5es, nos casos especificados no edital, segue at\u00e9 o dia 14 de julho e a solicita\u00e7\u00e3o tamb\u00e9m deve ser realizada atrav\u00e9s do site do\u00a0Instituto Avan\u00e7a S\u00e3o Paulo.</p>\r\n<p>Est\u00e3o sendo ofertadas vagas para\u00a0Agente de Servi\u00e7os Parlamentares e\u00a0Analista de Tecnologia da Informa\u00e7\u00e3o.</p>\r\n<p>As provas ser\u00e3o realizadas no dia 24 de setembro.\u00a0</p>\r\n<p style=\"text-align: center; \"><strong>Confira o Edital Completo\u00a0<a class=\"external-link\" href=\"https://www.avancasp.org.br/informacoes/71/\" target=\"_self\" title=\"\">clicando aqui\u00a0\u00a0<img alt=\"\" class=\"image-inline\" src=\"../../imagens/iconepdf.jpg/@@images/a4d976db-5803-47f0-b0c9-9de331e3cbe2.jpeg\" title=\"\" /></a>\u00a0</strong></p>\r\n<p>\u00a0</p>\r\n<div>\r\n<pre><b>Fonte: CMEG</b></pre>\r\n</div>\r\n<div><b><br /></b></div>", "author_name": "", "version": "1.0", "author_url": "https://www.embuguacu.sp.leg.br/author/adm", "provider_name": "C\u00e2mara Municipal de Embu-Gua\u00e7u", "type": "rich"}