{"provider_url": "https://www.embuguacu.sp.leg.br", "title": " CONCURSO P\u00daBLICO DA C\u00c2MARA DE EMBU-GUA\u00c7U", "html": "<p>Come\u00e7am nesta sexta-feira (02/09) as inscri\u00e7\u00f5es para o concurso p\u00fablico da C\u00e2mara Municipal de Embu-Gua\u00e7u. O prazo para os interessados fazerem as inscri\u00e7\u00f5es segue at\u00e9 o dia 03 de outubro e devem ser realizadas pelo site do Instituto Avan\u00e7a S\u00e3o Paulo (<strong><a class=\"external-link\" href=\"https://www.avancasp.org.br/\" target=\"_self\" title=\"\">https://www.avancasp.org.br/</a></strong><span>), respons\u00e1vel pela realiza\u00e7\u00e3o do certame.</span></p>\r\n<p>A taxa de inscri\u00e7\u00e3o ser\u00e1 de R$ 73,50. O prazo para solicita\u00e7\u00e3o de isen\u00e7\u00e3o do pagamento da taxa de inscri\u00e7\u00f5es, nos casos especificados no edital, segue at\u00e9 o dia 07 de setembro e a solicita\u00e7\u00e3o tamb\u00e9m deve ser realizada atrav\u00e9s do site do <span>Instituto Avan\u00e7a S\u00e3o Paulo</span>.</p>\r\n<p>Est\u00e3o sendo ofertadas vagas para Analista Legislativo, Contador, Controlador Interno e Procurador Jur\u00eddico do Legislativo.</p>\r\n<p>As provas ser\u00e3o realizadas no dia 27 de novembro, nos turnos matutino e vespertino.\u00a0</p>\r\n<p>Confira o Edital Completo <a title=\"\" href=\"https://www.embuguacu.sp.leg.br/institucional/noticias/Edital5.0.pdf\" class=\"internal-link\" target=\"_self\"><strong>clicando aqui\u00a0</strong>\u00a0<img alt=\"\" class=\"image-inline\" src=\"../../imagens/iconepdf.jpg/@@images/a4d976db-5803-47f0-b0c9-9de331e3cbe2.jpeg\" title=\"\" />\u00a0</a></p>\r\n<p>Mais informa\u00e7\u00f5es tamb\u00e9m podem ser obtidas atrav\u00e9s do e-mail: candidato@avanca.sp.org.br</p>\r\n<p><span>\u00a0</span></p>\r\n<div>\r\n<pre><b>Fonte: CMEG</b></pre>\r\n</div>\r\n<div><b><br /></b></div>", "author_name": "", "version": "1.0", "author_url": "https://www.embuguacu.sp.leg.br/author/adm", "provider_name": "C\u00e2mara Municipal de Embu-Gua\u00e7u", "type": "rich"}