{"provider_url": "https://www.embuguacu.sp.leg.br", "title": "Aviso de Preg\u00e3o Eletr\u00f4nico n\u00ba 001/2026 ", "html": "<p style=\"text-align: justify; \">A C\u00e2mara Municipal de Embu-Gua\u00e7u informa a abertura do Preg\u00e3o Eletr\u00f4nico n\u00ba 001/2026, destinado \u00e0 Registro de pre\u00e7os para futura e eventual aquisi\u00e7\u00e3o de equipamentos de audiovisuais, de inform\u00e1tica e eletroeletr\u00f4nicos, destinados a atender \u00e0s necessidades operacionais, administrativas, de comunica\u00e7\u00e3o institucional, registro audiovisual e apoio \u00e0s atividades legislativas da C\u00e2mara Municipal de Embu-Gua\u00e7u/SP, conforme especifica\u00e7\u00f5es t\u00e9cnicas, quantidades e condi\u00e7\u00f5es estabelecidas no edital.</p>\r\n<p style=\"text-align: justify; \">As propostas poder\u00e3o ser enviadas entre os dias 27 de abril de 2026 \u00e0s 0h00min at\u00e9 07 de maio de\u00a0 de 2026, \u00e0s 08h00min.</p>\r\n<p style=\"text-align: justify; \">A sess\u00e3o p\u00fablica ser\u00e1 realizada no dia 08 de maio de 2026, \u00e0s 9h (hor\u00e1rio de Bras\u00edlia).</p>\r\n<p style=\"text-align: justify; \">O crit\u00e9rio de julgamento adotado ser\u00e1 o de menor pre\u00e7o por lote, no modo de disputa aberto, sendo a licita\u00e7\u00e3o exclusiva para Microempresas, Empresas de Pequeno Porte e equiparadas (ME/EPP), conforme previsto na legisla\u00e7\u00e3o vigente.</p>\r\n<p style=\"text-align: justify; \">O valor estimado total da contrata\u00e7\u00e3o \u00e9 de R$ 84.129,74 (oitenta e quatro mil, cento e vinte e nove reais e setenta e quatro centavos)</p>\r\n<p style=\"text-align: justify; \">O Edital e o Termo de Refer\u00eancia est\u00e3o dispon\u00edveis para consulta no\u00a0<a title=\"\" href=\"https://www.embuguacu.sp.leg.br/transparencia/licitacoes-1/licitacoes-20269/pregao-eletronico/pregao-no-001-2026\" class=\"external-link\" target=\"_blank\">Portal da C\u00e2mara Municipal de Embu-Gua\u00e7u.</a></p>\r\n<p style=\"text-align: justify; \">ESCLARECIMENTOS:\u00a0<a class=\"external-link\" href=\"https://bll.org.br/\" target=\"_blank\" title=\"\">https://bll.org.br/</a></p>", "author_name": "", "version": "1.0", "author_url": "https://www.embuguacu.sp.leg.br/author/camila", "provider_name": "C\u00e2mara Municipal de Embu-Gua\u00e7u", "type": "rich"}