{"provider_url": "https://www.embuguacu.sp.leg.br", "title": "Audi\u00eancia P\u00fablica - LOA 2025", "html": "<p>No \u00faltimo dia 30 de outubro, realiz\u00e1mos a Audi\u00eancia P\u00fablica da Lei Or\u00e7ament\u00e1ria Anual (LOA) de 2025 em novo hor\u00e1rio, \u00e0s 18h. Tivemos a presen\u00e7a da comunidade e dos futuros vereadores que assumir\u00e3o no pr\u00f3ximo ano, fortalecendo a participa\u00e7\u00e3o democr\u00e1tica!</p>\r\n<p>Durante o encontro, a Comiss\u00e3o de Finan\u00e7as e Or\u00e7amento da C\u00e2mara apresentou o Projeto de Lei 014/2024, de autoria do Chefe do Executivo Municipal. Cont\u00e1mos tamb\u00e9m com representantes de todos os \u00f3rg\u00e3os do governo municipal, garantindo uma vis\u00e3o completa das metas para o pr\u00f3ximo ano.</p>\r\n<p style=\"text-align: center; \">\u270d\ufe0f A sua participa\u00e7\u00e3o \u00e9 fundamental para construirmos uma cidade melhor!</p>\r\n<p style=\"text-align: center; \"><strong>Confira as fotos da Sess\u00e3o\u00a0</strong><strong><a class=\"external-link\" href=\"https://www.embuguacu.sp.leg.br/institucional/fotos/LOA%202025\" target=\"_self\" title=\"\">clicando aqui</a></strong><a class=\"external-link\" href=\"https://drive.google.com/drive/folders/1ANunA-iY_zBe7A76VXA0qDRJ7wBzcxkc?usp=sharing\" target=\"_self\" title=\"\">.</a></p>\r\n<p style=\"text-align: center; \"><strong>Confira o v\u00eddeo da Sess\u00e3o</strong>\u00a0<strong><a class=\"external-link\" href=\"https://www.youtube.com/watch?v=P3oTiXLHxB0&amp;t=1229s\" target=\"_self\" title=\"\">clicando aqui</a></strong><a title=\"\" href=\"https://www.embuguacu.sp.leg.br/institucional/videos/2024/sessoes/sessao-solene-de-entrega-das-honrarias\" class=\"external-link\" target=\"_self\">.</a></p>\r\n<p><img src=\"https://www.embuguacu.sp.leg.br/imagens/WhatsAppImage20241105at08.28.54.jpeg/@@images/6db801af-0d48-4aba-a506-bdc1460f8a36.jpeg\" alt=\"\" class=\"image-inline\" title=\"\" /></p>\r\n<p>\u00a0</p>\r\n<p><em><strong>Fotos: Keize Bia</strong></em></p>\r\n<p>\u00a0</p>\r\n<div>\r\n<pre><b>Fonte: CMEG</b></pre>\r\n</div>", "author_name": "", "version": "1.0", "author_url": "https://www.embuguacu.sp.leg.br/author/admin", "provider_name": "C\u00e2mara Municipal de Embu-Gua\u00e7u", "type": "rich"}