{"provider_url": "https://www.embuguacu.sp.leg.br", "title": "AUDI\u00caNCIA P\u00daBLICA - LOA 2022", "html": "<p>A C\u00e2mara,\u00a0<strong>CONVIDA</strong>\u00a0voc\u00ea para participar da\u00a0<strong>AUDI\u00caNCIA P\u00daBLICA\u00a0</strong>referente a\u00a0<strong>Proposta da\u00a0 Lei Or\u00e7ament\u00e1ria Anual (LOA) 2022.</strong></p>\r\n<p>Que ser\u00e1 realizada no dia\u00a0<strong><strong>21 de outubro de 2021 (quinta-feira)</strong>, \u00e0s\u00a0<strong>10h00min</strong>\u00a0na C\u00e2mara Municipal de Embu-Gua\u00e7u.</strong></p>\r\n<p><strong><strong><strong><a title=\"\" href=\"https://www.embuguacu.sp.leg.br/institucional/noticias/AdobeScan31dejan.de2022.pdf\" class=\"internal-link\" target=\"_blank\"><img alt=\"\" class=\"image-inline\" src=\"../../imagens/iconepdf.jpg/@@images/a4d976db-5803-47f0-b0c9-9de331e3cbe2.jpeg\" title=\"\" />EDITAL N\u00b0 017A/2021\u00a0</a></strong></strong></strong></p>\r\n<p>\u25aa\ufe0fO acompanhamento das Audi\u00eancias no Plen\u00e1rio est\u00e1 autorizado de acordo com as disposi\u00e7\u00f5es do Plano S\u00e3o Paulo, seguindo os protocolos de seguran\u00e7a: respeitando o distanciamento social e o uso de m\u00e1scara<strong>\u00a0(Limite de 35 pessoas).</strong></p>\r\n<p>Acompanhe ao vivo pelos nossos canais oficiais\u00a0<a class=\"external-link\" href=\"https://www.facebook.com/camaradeembuguacu\" target=\"_self\" title=\"\">FACEBOOK</a>\u00a0e\u00a0<a class=\"external-link\" href=\"https://www.youtube.com/channel/UCU8ZgMZGXbSF8fRBMDwnbow\" target=\"_self\" title=\"\">YOUTUBE</a>.</p>\r\n<p>Durante a\u00a0 Audi\u00eancia ser\u00e1 disponibilizado\u00a0<strong><a class=\"external-link\" href=\"https://forms.gle/cCgneifqBCHgpWkTA\" target=\"_self\" title=\"\">AQUI</a></strong>\u00a0o link com o Formul\u00e1rio Eletr\u00f4nico para o envio das Duvidas e Sugest\u00f5es.<strong>\u00a0Fique Atento!\u00a0</strong></p>\r\n<p class=\" \" style=\"text-align: center; \"><strong><a class=\"external-link\" href=\"https://docs.google.com/forms/d/e/1FAIpQLScBi-rzCoMbBhfhpdwKXwACnGolBT7GEDD0r5_YplM4Gjn3mg/viewform?usp=sf_link\" target=\"_self\" title=\"\">\u00a0</a><a class=\"external-link\" href=\"https://forms.gle/cCgneifqBCHgpWkTA\" target=\"_self\" title=\"\"><img src=\"https://www.embuguacu.sp.leg.br/imagens/transparencia-administrativa.png\" alt=\"Esta imagem \u00e9 referenciada nos conte\u00fados do portal.\" class=\"image-inline\" title=\"Transparencia Administrativa\" /></a></strong></p>\r\n<p class=\" \" style=\"text-align: center; \"><strong><a class=\"external-link\" href=\"https://forms.gle/cCgneifqBCHgpWkTA\" target=\"_self\" title=\"\">Formul\u00e1rio Eletr\u00f4nico</a><a class=\"external-link\" href=\"http://docs.google.com/forms/d/e/1FAIpQLScLCzAfOTKBEh8CCM--3uw0K8V2ucmzV26Npa2L6H9Zx58feA/viewform?usp=sf_link\" target=\"_self\" title=\"\"></a></strong></p>\r\n<p>Participe, sua presen\u00e7a ser\u00e1 muito importante!</p>\r\n<pre>Fonte: CMEG</pre>", "author_name": "", "version": "1.0", "author_url": "https://www.embuguacu.sp.leg.br/author/adm", "provider_name": "C\u00e2mara Municipal de Embu-Gua\u00e7u", "type": "rich"}