{"provider_url": "https://www.embuguacu.sp.leg.br", "title": "AUDI\u00caNCIA P\u00daBLICA - ABRIL AZUL", "html": "<p style=\"text-align: center; \"><strong><a title=\"\" href=\"https://www.embuguacu.sp.leg.br/institucional/noticias/copy_of_EDITAL0062023AUDINCIAPBLICA_AUTISTA.pdf\" class=\"internal-link\" target=\"_self\"><strong><img alt=\"\" class=\"image-inline\" src=\"../../imagens/iconepdf.jpg/@@images/a4d976db-5803-47f0-b0c9-9de331e3cbe2.jpeg\" title=\"\" /></strong>EDITAL 0062023</a>\u00a0</strong></p>\r\n<p style=\"text-align: justify; \">A C\u00e2mara Municipal de Embu-Gua\u00e7u, por meio do Presidente da Comiss\u00e3o de Educa\u00e7\u00e3o, Sa\u00fade e Assist\u00eancia Social do Poder Legislativo, Vereador Prof. Colle (MDB), convida a popula\u00e7\u00e3o em geral e a quem mais possa interessar para a <strong>\u201cAUDI\u00caNCIA P\u00daBLICA\u201d relativa ao M\u00caS DE CONCIENTIZA\u00c7\u00c3O DO AUTISMO no Munic\u00edpio de Embu-Gua\u00e7u</strong>.</p>\r\n<p style=\"text-align: justify; \">Que ser\u00e1 realizada no <strong>dia 27 de abril de 2023, com sua apresenta\u00e7\u00e3o marcada para \u00e0s 19 horas, no plen\u00e1rio da C\u00e2mara Municipal de Embu-Gua\u00e7u, localizada na Rua Em\u00edlia Pires, 135, Centro</strong>.</p>\r\n<p>Acompanhe ao vivo pelos nossos canais oficiais\u00a0<a class=\"external-link\" href=\"https://www.facebook.com/camaradeembuguacu\" target=\"_self\" title=\"\">FACEBOOK</a>\u00a0e\u00a0<a class=\"external-link\" href=\"https://www.youtube.com/channel/UCU8ZgMZGXbSF8fRBMDwnbow\" target=\"_self\" title=\"\">YOUTUBE</a>.</p>\r\n<p>Procedimentos desta audi\u00eancia poder\u00e3o ser verificados no\u00a0EDITAL.</p>\r\n<p>Durante a\u00a0 Audi\u00eancia ser\u00e1\u00a0disponibilizado\u00a0o\u00a0link com o Formul\u00e1rio Eletr\u00f4nico para o envio das Manifesta\u00e7\u00f5es.<strong>\u00a0Fique Atento!\u00a0<br /></strong></p>\r\n<p>\u00a0</p>\r\n<p><em><strong>Participe, sua presen\u00e7a ser\u00e1 muito importante!</strong></em></p>\r\n<p class=\" \">\u00a0</p>\r\n<pre>Fonte: CMEG</pre>", "author_name": "", "version": "1.0", "author_url": "https://www.embuguacu.sp.leg.br/author/adm", "provider_name": "C\u00e2mara Municipal de Embu-Gua\u00e7u", "type": "rich"}