{"provider_url": "https://www.embuguacu.sp.leg.br", "title": "AUDI\u00caNCIA P\u00daBLICA - 28/04/2022", "html": "<p>A <strong>C\u00e2mara Municipal de Embu-Gua\u00e7u,</strong> por meio da <strong>COMISS\u00c3O DE OBRAS, SERVI\u00c7OS P\u00daBLICOS, MEIO AMBIENTE E OUTRAS ATIVIDADES,</strong> convida a Secretaria Municipal de Seguran\u00e7a, Transporte e Mobilidade, a popula\u00e7\u00e3o em geral e a quem mais possa interessar para a <strong>\u201cAUDI\u00caNCIA P\u00daBLICA\u201d</strong> relativa ao <strong>PROJETO DE LEI COMPLEMENTAR N\u00ba 001/2022 DE AUTORIA DO CHEFE DO PODER EXECUTIVO -\u00a0Disp\u00f5e sobre a organiza\u00e7\u00e3o e regulamenta\u00e7\u00e3o do transporte p\u00fablico do munic\u00edpio de Embu-Gua\u00e7u e d\u00e1 outras providencias. \u00a0</strong></p>\r\n<p style=\"text-align: center; \"><strong><strong><strong><strong><a title=\"\" href=\"https://www.embuguacu.sp.leg.br/institucional/noticias/Ata_Audincia_Transporte_PLC0012022EXEC.pdf\" class=\"internal-link\" target=\"_blank\"><strong><img alt=\"\" class=\"image-inline\" src=\"../../imagens/iconepdf.jpg/@@images/a4d976db-5803-47f0-b0c9-9de331e3cbe2.jpeg\" title=\"\" /></strong>ATA</a></strong></strong></strong></strong></p>\r\n<p style=\"text-align: center; \"><strong><a title=\"\" href=\"https://www.embuguacu.sp.leg.br/institucional/noticias/edital0112022AUDINCIAPBLICAPLC0012022.pdf\" class=\"internal-link\" target=\"_blank\"><strong><img alt=\"\" class=\"image-inline\" src=\"../../imagens/iconepdf.jpg/@@images/a4d976db-5803-47f0-b0c9-9de331e3cbe2.jpeg\" title=\"\" /></strong>EDITAL 011/2022\u00a0</a>\u00a0</strong></p>\r\n<p style=\"text-align: center; \"><strong><strong><a title=\"\" href=\"https://www.embuguacu.sp.leg.br/institucional/noticias/PL0012022EXEC.pdf\" class=\"internal-link\" target=\"_blank\"><strong><img alt=\"\" class=\"image-inline\" src=\"../../imagens/iconepdf.jpg/@@images/a4d976db-5803-47f0-b0c9-9de331e3cbe2.jpeg\" title=\"\" /></strong>PLC 0012022-Exec</a></strong></strong></p>\r\n<p style=\"text-align: center; \"><strong><strong><strong><strong><a title=\"\" href=\"https://www.embuguacu.sp.leg.br/institucional/noticias/APRESENTAO.pdf\" class=\"internal-link\" target=\"_blank\"><strong><img alt=\"\" class=\"image-inline\" src=\"../../imagens/iconepdf.jpg/@@images/a4d976db-5803-47f0-b0c9-9de331e3cbe2.jpeg\" title=\"\" /></strong>APRESENTA\u00c7\u00c3O</a></strong></strong></strong></strong></p>\r\n<p style=\"text-align: center; \"><strong><strong><strong><strong><strong><a title=\"\" href=\"https://www.embuguacu.sp.leg.br/institucional/noticias/copy_of_Listadepresenainscritos.pdf\" class=\"internal-link\" target=\"_blank\"><strong><img alt=\"\" class=\"image-inline\" src=\"../../imagens/iconepdf.jpg/@@images/a4d976db-5803-47f0-b0c9-9de331e3cbe2.jpeg\" title=\"\" /></strong>\u00a0LISTA INSCRITOS E PARTICIPANTES</a></strong></strong></strong></strong></strong></p>\r\n<p>\u00a0<span>A Audi\u00eancia P\u00fablica ser\u00e1 realizada no dia <strong>28 de abril de 2022, com sua apresenta\u00e7\u00e3o marcada para \u00e0s 18h00, no plen\u00e1rio da C\u00e2mara Municipal de Embu-Gua\u00e7u,</strong> localizada na Rua Em\u00edlia Pires, 135, Centro, na cidade de Embu-Gua\u00e7u - SP.</span></p>\r\n<p>\u25aa\ufe0fAcompanhe ao vivo pelos nossos canais oficiais\u00a0<a class=\"external-link\" href=\"https://www.facebook.com/camaradeembuguacu\" target=\"_self\" title=\"\">FACEBOOK</a>\u00a0e\u00a0<a class=\"external-link\" href=\"https://www.youtube.com/channel/UCU8ZgMZGXbSF8fRBMDwnbow\" target=\"_self\" title=\"\">YOUTUBE</a>.</p>\r\n<p>O acompanhamento das Audi\u00eancias no Plen\u00e1rio est\u00e1 autorizado de acordo com as disposi\u00e7\u00f5es do Plano S\u00e3o Paulo, seguindo os protocolos de seguran\u00e7a<strong>.</strong></p>\r\n<p>Procedimentos desta audi\u00eancia poder\u00e3o ser verificados no\u00a0EDITAL0112022 .</p>\r\n<p>Durante a\u00a0 Audi\u00eancia ser\u00e1\u00a0disponibilizado\u00a0o\u00a0link com o Formul\u00e1rio Eletr\u00f4nico para o envio das Duvidas e Sugest\u00f5es.<strong>\u00a0Fique Atento!\u00a0</strong></p>\r\n<p class=\" \" style=\"text-align: center; \">\u00a0</p>\r\n<p class=\" \" style=\"text-align: left; \"><span>Participe, sua presen\u00e7a ser\u00e1 muito importante!</span></p>\r\n<p class=\" \" style=\"text-align: left; \"><span><br /></span></p>\r\n<pre class=\"tm6\"><span class=\"tm6\">Fonte: CMEG</span></pre>\r\n<p class=\" \" style=\"text-align: left; \"><span><br /></span></p>\r\n<p><span><br /></span></p>", "author_name": "", "version": "1.0", "author_url": "https://www.embuguacu.sp.leg.br/author/camila", "provider_name": "C\u00e2mara Municipal de Embu-Gua\u00e7u", "type": "rich"}