{"provider_url": "https://www.embuguacu.sp.leg.br", "title": "AUDI\u00caNCIA P\u00daBLICA - 25/05/2023", "html": "<p style=\"text-align: center; \"><strong><a title=\"\" href=\"https://www.embuguacu.sp.leg.br/institucional/noticias/EDITAL0082023AUDINCIAPBLICA_1QUAD_SME_MF.pdf\" class=\"internal-link\" target=\"_self\"><strong><img alt=\"\" class=\"image-inline\" src=\"../../imagens/iconepdf.jpg/@@images/a4d976db-5803-47f0-b0c9-9de331e3cbe2.jpeg\" title=\"\" /></strong>EDITAL 008/2023</a>\u00a0<a title=\"\" href=\"https://www.embuguacu.sp.leg.br/institucional/noticias/copy_of_EDITAL0012023AUDINCIAPBLICAIIIQUAD2022.pdf\" class=\"internal-link\" target=\"_self\"></a><a title=\"\" href=\"https://www.embuguacu.sp.leg.br/institucional/noticias/edital0282022AUDINCIAPBLICAIIQUAD2022.pdf\" class=\"internal-link\" target=\"_self\"></a></strong></p>\r\n<p style=\"text-align: justify; \">A <strong>C\u00e2mara Municipal de Embu-Gua\u00e7</strong>u, por meio das Comiss\u00f5es Permanentes do Poder Legislativo, convida a popula\u00e7\u00e3o em geral e a quem mais possa interessar para a \u201cAUDI\u00caNCIA P\u00daBLICA\u201d relativa \u00e0 <strong>Presta\u00e7\u00e3o de Contas da Secretaria Municipal da Educa\u00e7\u00e3o </strong>e do<strong> Cumprimento das Metas Fiscais da Prefeitura de Embu-Gua\u00e7u - I Quadrimestre 2023</strong>.</p>\r\n<p>Que ser\u00e3o realizadas no dia\u00a0<strong><strong>25 de maio de 2023 (quinta-feira)</strong>, na C\u00e2mara Municipal de Embu-Gua\u00e7u, </strong>nos seguintes hor\u00e1rios<strong>:</strong></p>\r\n<h2 class=\"mceContentBody documentContent template-newsitem_view portaltype-news-item site-portal section-institucional subsection-noticias subsection-noticias-portal_factory subsection-noticias-portal_factory-News Item icons-on userrole-owner userrole-member userrole-manager userrole-authenticated\"><strong>09h00 - Cumprimento das Metas Fiscais da Prefeitura Municipal\u00a0</strong></h2>\r\n<h2 class=\"mceContentBody documentContent template-newsitem_view portaltype-news-item site-portal section-institucional subsection-noticias subsection-noticias-portal_factory subsection-noticias-portal_factory-News Item icons-on userrole-owner userrole-member userrole-manager userrole-authenticated\"><strong>11h00 - Presta\u00e7\u00e3o de Contas da Secretaria Municipal da Educa\u00e7\u00e3o\u00a0</strong></h2>\r\n<h2 class=\"mceContentBody documentContent template-newsitem_view portaltype-news-item site-portal section-institucional subsection-noticias subsection-noticias-portal_factory subsection-noticias-portal_factory-News Item icons-on userrole-owner userrole-member userrole-manager userrole-authenticated\"></h2>\r\n<p>Acompanhe ao vivo pelos nossos canais oficiais\u00a0<a class=\"external-link\" href=\"https://www.facebook.com/camaradeembuguacu\" target=\"_self\" title=\"\">FACEBOOK</a>\u00a0e\u00a0<a class=\"external-link\" href=\"https://www.youtube.com/channel/UCU8ZgMZGXbSF8fRBMDwnbow\" target=\"_self\" title=\"\">YOUTUBE</a>.</p>\r\n<p>Procedimentos desta audi\u00eancia poder\u00e3o ser verificados no\u00a0EDITAL.</p>\r\n<p>Durante a\u00a0 Audi\u00eancia ser\u00e1\u00a0disponibilizado\u00a0o\u00a0link com o Formul\u00e1rio Eletr\u00f4nico para o envio das Duvidas e Sugest\u00f5es.<strong>\u00a0Fique Atento!\u00a0</strong></p>\r\n<p>\u00a0</p>\r\n<p><em><strong>Participe, sua presen\u00e7a ser\u00e1 muito importante!</strong></em></p>\r\n<p class=\" \">\u00a0</p>\r\n<pre>Fonte: CMEG</pre>", "author_name": "", "version": "1.0", "author_url": "https://www.embuguacu.sp.leg.br/author/adm", "provider_name": "C\u00e2mara Municipal de Embu-Gua\u00e7u", "type": "rich"}