{"provider_url": "https://www.embuguacu.sp.leg.br", "title": "AUDI\u00caNCIA P\u00daBLICA - 25/02/2022", "html": "<p style=\"text-align: center; \"><strong><a title=\"\" href=\"https://www.embuguacu.sp.leg.br/institucional/noticias/copy2_of_edital0042022AUDINCIAPBLICASADEIIIQUAD2021.pdf\" class=\"internal-link\" target=\"_blank\"><strong><img alt=\"\" class=\"image-inline\" src=\"../../imagens/iconepdf.jpg/@@images/a4d976db-5803-47f0-b0c9-9de331e3cbe2.jpeg\" title=\"\" /></strong>EDITAL 004/2022\u00a0</a></strong></p>\r\n<p style=\"text-align: center; \"><strong><strong><a title=\"\" href=\"https://www.embuguacu.sp.leg.br/institucional/noticias/PrestacaodecontasTerceiroQuadrimestre2021.pdf\" class=\"internal-link\" target=\"_self\"><strong><strong><img alt=\"\" class=\"image-inline\" src=\"../../imagens/iconepdf.jpg/@@images/a4d976db-5803-47f0-b0c9-9de331e3cbe2.jpeg\" title=\"\" /></strong></strong>APRESENTA\u00c7\u00c3O\u00a0</a></strong></strong></p>\r\n<p style=\"text-align: justify; \">A\u00a0<strong>C\u00e2mara Municipal de Embu-Gua\u00e7u</strong>, por meio da<strong>\u00a0Comiss\u00e3o De Educa\u00e7\u00e3o, Sa\u00fade E Assist\u00eancia Social</strong>, convida a popula\u00e7\u00e3o em geral e a quem mais possa interessar para a\u00a0<strong>\u201cAUDI\u00caNCIA P\u00daBLICA\u201d</strong>\u00a0relativa a\u00a0<strong>Presta\u00e7\u00e3o de Contas da Secretaria Municipal da Sa\u00fade - III Quadrimestre 2021</strong>.</p>\r\n<p style=\"text-align: justify; \">Que ser\u00e1 realizada no dia\u00a0<strong><strong>25 de fevereiro de 2022 (sexta-feira)</strong>, \u00e0s\u00a0<strong>10h00min</strong>\u00a0na C\u00e2mara Municipal de Embu-Gua\u00e7u.</strong></p>\r\n<p>\u25aa\ufe0fAcompanhe ao vivo pelos nossos canais oficiais\u00a0<a class=\"external-link\" href=\"https://www.facebook.com/camaradeembuguacu\" target=\"_self\" title=\"\">FACEBOOK</a>\u00a0e\u00a0<a class=\"external-link\" href=\"https://www.youtube.com/channel/UCU8ZgMZGXbSF8fRBMDwnbow\" target=\"_self\" title=\"\">YOUTUBE</a>.</p>\r\n<p>O acompanhamento das Audi\u00eancias no Plen\u00e1rio est\u00e1 autorizado de acordo com as disposi\u00e7\u00f5es do Plano S\u00e3o Paulo, seguindo os protocolos de seguran\u00e7a<strong>.</strong></p>\r\n<p>Procedimentos desta audi\u00eancia poder\u00e3o ser verificados no\u00a0EDITAL .</p>\r\n<p>Durante a\u00a0 Audi\u00eancia ser\u00e1 disponibilizado\u00a0o link com o Formul\u00e1rio Eletr\u00f4nico para o envio das Duvidas e Sugest\u00f5es.<strong>\u00a0Fique Atento!\u00a0</strong></p>\r\n<p class=\" \" style=\"text-align: center; \"><strong><a class=\"external-link\" href=\"https://docs.google.com/forms/d/1cRU3T1czM5hXzWj7B0L87BTTuzGu3zu0I6fwAr002XM/prefill\" target=\"_self\" title=\"\">\u00a0</a><a class=\"external-link\" href=\"http://docs.google.com/forms/d/e/1FAIpQLSdSAesv1roi4Oee4T-U8i6QpW2VI_sCjSX6fzrrp7vUbBnN6A/viewform?usp=sf_link\" target=\"_self\" title=\"\"><img src=\"https://www.embuguacu.sp.leg.br/imagens/transparencia-administrativa.png\" alt=\"Esta imagem \u00e9 referenciada nos conte\u00fados do portal.\" class=\"image-inline\" title=\"Transparencia Administrativa\" /></a></strong></p>\r\n<p class=\" \" style=\"text-align: center; \"><strong><a class=\"external-link\" href=\"http://docs.google.com/forms/d/e/1FAIpQLSdSAesv1roi4Oee4T-U8i6QpW2VI_sCjSX6fzrrp7vUbBnN6A/viewform?usp=sf_link\" target=\"_self\" title=\"\">Formul\u00e1rio Eletr\u00f4nico</a><a class=\"external-link\" href=\"http://docs.google.com/forms/d/e/1FAIpQLScLCzAfOTKBEh8CCM--3uw0K8V2ucmzV26Npa2L6H9Zx58feA/viewform?usp=sf_link\" target=\"_self\" title=\"\"></a></strong></p>\r\n<p>Participe, sua presen\u00e7a ser\u00e1 muito importante!</p>\r\n<pre>Fonte: CMEG</pre>", "author_name": "", "version": "1.0", "author_url": "https://www.embuguacu.sp.leg.br/author/adm", "provider_name": "C\u00e2mara Municipal de Embu-Gua\u00e7u", "type": "rich"}