{"provider_url": "https://www.embuguacu.sp.leg.br", "title": "AUDI\u00caNCIA P\u00daBLICA - 24/02/2022", "html": "<p style=\"text-align: center; \"><strong><a title=\"\" href=\"https://www.embuguacu.sp.leg.br/institucional/noticias/0TribunaLivreDaronil.pdf\" class=\"internal-link\" target=\"_blank\"><strong><img alt=\"\" class=\"image-inline\" src=\"../../imagens/iconepdf.jpg/@@images/a4d976db-5803-47f0-b0c9-9de331e3cbe2.jpeg\" title=\"\" /></strong></a><a title=\"\" href=\"https://www.embuguacu.sp.leg.br/institucional/noticias/edital0032022AUDINCIAPBLICAMETASFISCAISIIIQUAD2021.pdf\" class=\"internal-link\" target=\"_blank\">EDITAL 003/2022\u00a0</a></strong></p>\r\n<p style=\"text-align: center; \"><strong><strong></strong><a title=\"\" href=\"https://www.embuguacu.sp.leg.br/institucional/noticias/copy_of_3Quadrimestre20211.pptx\" class=\"internal-link\" target=\"_self\"><strong><strong><img alt=\"\" class=\"image-inline\" src=\"../../imagens/iconepdf.jpg/@@images/a4d976db-5803-47f0-b0c9-9de331e3cbe2.jpeg\" title=\"\" /></strong></strong>APRESENTA\u00c7\u00c3O</a>\u00a0</strong></p>\r\n<p style=\"text-align: justify; \">A <strong>C\u00e2mara Municipal de Embu-Gua\u00e7u</strong>, por meio da<strong> Comiss\u00e3o de Finan\u00e7as e Or\u00e7amento</strong>, convida a popula\u00e7\u00e3o em geral e a quem mais possa interessar para a <strong>\u201cAUDI\u00caNCIA P\u00daBLICA\u201d</strong> relativa ao <strong>Cumprimento Das Metas Fiscais Da Prefeitura - III Quadrimestre 2021</strong>.</p>\r\n<p><span>Que ser\u00e1 realizada no dia\u00a0</span><strong><strong>24 de fevereiro de 2022 (quinta-feira)</strong>, \u00e0s\u00a0<strong>10h00min</strong>\u00a0na C\u00e2mara Municipal de Embu-Gua\u00e7u.</strong></p>\r\n<p>\u25aa\ufe0f<span>Acompanhe ao vivo pelos nossos canais oficiais\u00a0</span><a class=\"external-link\" href=\"https://www.facebook.com/camaradeembuguacu\" target=\"_self\" title=\"\">FACEBOOK</a><span>\u00a0e\u00a0</span><a class=\"external-link\" href=\"https://www.youtube.com/channel/UCU8ZgMZGXbSF8fRBMDwnbow\" target=\"_self\" title=\"\">YOUTUBE</a><span>.</span></p>\r\n<p style=\"text-align: justify; \">O acompanhamento das Audi\u00eancias no Plen\u00e1rio est\u00e1 autorizado de acordo com as disposi\u00e7\u00f5es do Plano S\u00e3o Paulo, seguindo os protocolos de seguran\u00e7a<strong>.</strong></p>\r\n<p><span>Procedimentos desta audi\u00eancia poder\u00e3o ser verificados no\u00a0</span><span>EDITAL.</span></p>\r\n<p>Durante a\u00a0 Audi\u00eancia ser\u00e1 disponibilizado\u00a0o link com o Formul\u00e1rio Eletr\u00f4nico para o envio das Duvidas e Sugest\u00f5es.<strong>\u00a0Fique Atento!\u00a0</strong></p>\r\n<p class=\" \" style=\"text-align: center; \"><strong>\u00a0<a class=\"external-link\" href=\"http://docs.google.com/forms/d/e/1FAIpQLSdDCSYDqLqaJfJPvR26ZlFxdIblmG7qluEkUwMp5kgwXHVUfQ/viewform?usp=sf_link\" target=\"_self\" title=\"\"><img src=\"https://www.embuguacu.sp.leg.br/imagens/transparencia-administrativa.png\" alt=\"Esta imagem \u00e9 referenciada nos conte\u00fados do portal.\" class=\"image-inline\" title=\"Transparencia Administrativa\" /></a></strong></p>\r\n<p class=\" \" style=\"text-align: center; \"><strong><a class=\"external-link\" href=\"http://docs.google.com/forms/d/e/1FAIpQLSdDCSYDqLqaJfJPvR26ZlFxdIblmG7qluEkUwMp5kgwXHVUfQ/viewform?usp=sf_link\" target=\"_self\" title=\"\">Formul\u00e1rio Eletr\u00f4nico</a></strong></p>\r\n<p>Participe, sua presen\u00e7a ser\u00e1 muito importante!</p>\r\n<pre>Fonte: CMEG</pre>", "author_name": "", "version": "1.0", "author_url": "https://www.embuguacu.sp.leg.br/author/adm", "provider_name": "C\u00e2mara Municipal de Embu-Gua\u00e7u", "type": "rich"}