{"provider_url": "https://www.embuguacu.sp.leg.br", "title": "AUDI\u00caNCIA P\u00daBLICA - 21/03/2022", "html": "<p style=\"text-align: center; \"><strong><strong><strong><a title=\"\" href=\"https://www.embuguacu.sp.leg.br/institucional/noticias/Ata_Audincia_MPSB_PL0032022EXEC.pdf\" class=\"internal-link\" target=\"_blank\"><strong><img alt=\"\" class=\"image-inline\" src=\"../../imagens/iconepdf.jpg/@@images/a4d976db-5803-47f0-b0c9-9de331e3cbe2.jpeg\" title=\"\" /></strong>ATA\u00a0\u00a0</a></strong></strong></strong></p>\r\n<p style=\"text-align: center; \"><strong><a title=\"\" href=\"https://www.embuguacu.sp.leg.br/institucional/noticias/0edital0082022AUDINCIAPBLICAPL0032022EXEC.pdf\" class=\"internal-link\" target=\"_blank\"><strong><img alt=\"\" class=\"image-inline\" src=\"../../imagens/iconepdf.jpg/@@images/a4d976db-5803-47f0-b0c9-9de331e3cbe2.jpeg\" title=\"\" /></strong>EDITAL 008/2022\u00a0</a>\u00a0</strong></p>\r\n<p style=\"text-align: center; \"><strong><strong><a class=\"external-link\" href=\"https://sapl.embuguacu.sp.leg.br/materia/3972\" target=\"_blank\" title=\"\"><strong><img alt=\"\" class=\"image-inline\" src=\"../../imagens/iconepdf.jpg/@@images/a4d976db-5803-47f0-b0c9-9de331e3cbe2.jpeg\" title=\"\" /></strong>PL 0032022-Exec\u00a0</a></strong></strong></p>\r\n<p style=\"text-align: center; \"><strong><strong><strong><strong><a title=\"\" href=\"https://www.embuguacu.sp.leg.br/institucional/noticias/copy_of_APRESENTAO.pdf\" class=\"internal-link\" target=\"_blank\"><strong><img alt=\"\" class=\"image-inline\" src=\"../../imagens/iconepdf.jpg/@@images/a4d976db-5803-47f0-b0c9-9de331e3cbe2.jpeg\" title=\"\" /></strong>APRESENTA\u00c7\u00c3O\u00a0</a></strong></strong></strong></strong></p>\r\n<p style=\"text-align: justify; \"><span style=\"text-align: justify; \">A\u00a0</span><strong style=\"text-align: justify; \">C\u00e2mara Municipal de Embu-Gua\u00e7u</strong><span style=\"text-align: justify; \">, por meio da</span><strong style=\"text-align: justify; \">\u00a0Comiss\u00e3o De Obras, Servi\u00e7os P\u00fablicos, Meio Ambiente E Outras Atividades</strong><span style=\"text-align: justify; \">, convida a Secretaria Municipal de Planejamento, Meio Ambiente e Turismo, Representantes do Conselho Municipal de Planejamento e Meio Ambiente, Representantes da SABESP, a popula\u00e7\u00e3o em geral e a quem mais possa interessar para a\u00a0</span><strong style=\"text-align: justify; \">\u201cAUDI\u00caNCIA P\u00daBLICA\u201d</strong><span style=\"text-align: justify; \">\u00a0relativa ao </span><strong style=\"text-align: justify; \"><a class=\"external-link\" href=\"http://sapl.embuguacu.sp.leg.br/materia/3972\" target=\"_self\" title=\"\">PROJETO DE LEI 0032022 DE AUTORIA DO CHEFE DO PODER EXECUTIVO - Institui a Revis\u00e3o do Plano Municipal de Saneamento B\u00e1sico de Embu-Gua\u00e7u.</a></strong></p>\r\n<p>Que ser\u00e1 realizada no dia\u00a0<strong><strong>21 de mar\u00e7o de 2022 (segunda-feira)</strong>, \u00e0s\u00a0<strong>10h00min</strong>\u00a0na C\u00e2mara Municipal de Embu-Gua\u00e7u.</strong></p>\r\n<p><strong></strong><span>\u25aa\ufe0fAcompanhe ao vivo pelos nossos canais oficiais\u00a0</span><a class=\"external-link\" href=\"https://www.facebook.com/camaradeembuguacu\" target=\"_self\" title=\"\">FACEBOOK</a><span>\u00a0e\u00a0</span><a class=\"external-link\" href=\"https://www.youtube.com/channel/UCU8ZgMZGXbSF8fRBMDwnbow\" target=\"_self\" title=\"\">YOUTUBE</a><span>.</span></p>\r\n<p><span>O acompanhamento das Audi\u00eancias no Plen\u00e1rio est\u00e1 autorizado de acordo com as disposi\u00e7\u00f5es do Plano S\u00e3o Paulo, seguindo os protocolos de seguran\u00e7a</span><strong>.</strong></p>\r\n<p><span>Procedimentos desta audi\u00eancia poder\u00e3o ser verificados no\u00a0EDITAL0082022 .</span></p>\r\n<p>Durante a\u00a0 Audi\u00eancia ser\u00e1\u00a0disponibilizado\u00a0o\u00a0link com o Formul\u00e1rio Eletr\u00f4nico para o envio das Duvidas e Sugest\u00f5es.<strong>\u00a0Fique Atento!\u00a0</strong></p>\r\n<p class=\" \" style=\"text-align: center; \"><strong>\u00a0</strong><strong><a class=\"external-link\" href=\"http://forms.gle/CB2efpuWoBNEwDgh6\" target=\"_self\" title=\"\"><img src=\"https://www.embuguacu.sp.leg.br/imagens/transparencia-administrativa.png\" alt=\"Esta imagem \u00e9 referenciada nos conte\u00fados do portal.\" class=\"image-inline\" title=\"Transparencia Administrativa\" /></a></strong></p>\r\n<p class=\" \" style=\"text-align: center; \"><strong><a class=\"external-link\" href=\"http://forms.gle/CB2efpuWoBNEwDgh6\" target=\"_self\" title=\"\">Formul\u00e1rio Eletr\u00f4nico</a></strong></p>\r\n<p>Participe, sua presen\u00e7a ser\u00e1 muito importante!</p>\r\n<p>\u00a0</p>\r\n<pre>Fonte: CMEG</pre>", "author_name": "", "version": "1.0", "author_url": "https://www.embuguacu.sp.leg.br/author/adm", "provider_name": "C\u00e2mara Municipal de Embu-Gua\u00e7u", "type": "rich"}