{"provider_url": "https://www.embuguacu.sp.leg.br", "title": "AUDI\u00caNCIA P\u00daBLICA \u2013 PPA 2026 a 2029", "html": "<p style=\"text-align: center; \" data-start=\"243\" data-end=\"376\"><span>\ud83d\udcc5\u00a0</span><strong data-start=\"246\" data-end=\"255\">DATA:</strong><span>\u00a021 e 22 de outubro de 2025, \u00e0s 18h00</span><br data-start=\"292\" data-end=\"295\" /><span>\ud83d\udccd\u00a0</span><strong data-start=\"298\" data-end=\"308\">LOCAL:</strong><span>\u00a0C\u00e2mara Municipal de Embu-Gua\u00e7u \u2013 Rua Em\u00edlia Pires, n\u00ba 135, Centro</span></p>\r\n<p style=\"text-align: justify; \" data-start=\"243\" data-end=\"376\"><span style=\"text-align: justify; \">A </span><strong style=\"text-align: justify; \" data-start=\"380\" data-end=\"414\">C\u00e2mara Municipal de Embu-Gua\u00e7u</strong><span style=\"text-align: justify; \">, por meio da </span><strong style=\"text-align: justify; \" data-start=\"428\" data-end=\"464\">Comiss\u00e3o de Finan\u00e7as e Or\u00e7amento</strong><span style=\"text-align: justify; \">, convida a popula\u00e7\u00e3o em geral e a quem mais possa interessar para participar da </span><strong style=\"text-align: justify; \" data-start=\"545\" data-end=\"566\">AUDI\u00caNCIA P\u00daBLICA</strong><span style=\"text-align: justify; \"> referente ao </span><strong style=\"text-align: justify; \" data-start=\"580\" data-end=\"610\">Projeto de Lei n\u00ba 021/2025</strong><span style=\"text-align: justify; \">, de autoria do Chefe do Poder Executivo, que disp\u00f5e sobre o </span><strong style=\"text-align: justify; \" data-start=\"671\" data-end=\"709\">PLANO PLURIANUAL \u2013 PPA 2026 a 2029</strong><span style=\"text-align: justify; \">.</span></p>\r\n<p style=\"text-align: left; \" data-start=\"243\" data-end=\"376\"><span style=\"text-align: justify; \">O </span><strong style=\"text-align: justify; \" data-start=\"714\" data-end=\"740\">Plano Plurianual (PPA)</strong><span style=\"text-align: justify; \"> \u00e9 o instrumento de planejamento de m\u00e9dio prazo que define, de forma regionalizada, as </span><strong style=\"text-align: justify; \" data-start=\"827\" data-end=\"895\">diretrizes, objetivos e metas da Administra\u00e7\u00e3o P\u00fablica Municipal</strong><span style=\"text-align: justify; \"> para os pr\u00f3ximos quatro anos, orientando a elabora\u00e7\u00e3o da </span><strong style=\"text-align: justify; \" data-start=\"953\" data-end=\"994\">Lei de Diretrizes Or\u00e7ament\u00e1rias (LDO)</strong><span style=\"text-align: justify; \"> e da </span><strong style=\"text-align: justify; \" data-start=\"1000\" data-end=\"1032\">Lei Or\u00e7ament\u00e1ria Anual (LOA)</strong><span style=\"text-align: justify; \">.</span></p>\r\n<p style=\"text-align: center; \" data-start=\"243\" data-end=\"376\">\u00a0<a class=\"external-link\" href=\"https://sapl.embuguacu.sp.leg.br/norma/1930\" style=\"text-align: center; \" target=\"_self\" title=\"\">\ud83d\udcc4\u00a0<strong data-start=\"2525\" data-end=\"2547\">EDITAL N\u00ba 021/2025</strong></a></p>\r\n<p style=\"text-align: center; \" data-start=\"243\" data-end=\"376\">\u00a0<a class=\"external-link\" href=\"https://sapl.embuguacu.sp.leg.br/materia/9646\" target=\"_self\" title=\"\">\ud83d\udcd8\u00a0</a><strong data-start=\"2553\" data-end=\"2601\"><a class=\"external-link\" href=\"https://sapl.embuguacu.sp.leg.br/materia/9646\" target=\"_self\" title=\"\">PROJETO DE LEI N\u00ba 021/2025 \u2013 PPA 2026 a 2029</a></strong></p>\r\n<p style=\"text-align: center; \" data-start=\"243\" data-end=\"376\"><span><strong data-start=\"2553\" data-end=\"2601\"><a class=\"external-link\" href=\"https://sapl.embuguacu.sp.leg.br/materia/9646\" target=\"_self\" title=\"\"></a></strong></span></p>\r\n<p style=\"text-align: left; \" data-start=\"243\" data-end=\"376\">A audi\u00eancia ser\u00e1 realizada <strong data-start=\"1062\" data-end=\"1078\">em dois dias</strong>, conforme programa\u00e7\u00e3o:</p>\r\n<p style=\"text-align: justify; \" data-start=\"1103\" data-end=\"1200\">\ud83d\udccc <strong data-start=\"1106\" data-end=\"1145\">21 de outubro de 2025 (ter\u00e7a-feira)</strong> \u2013 \u00e0s 18h00<br data-start=\"1156\" data-end=\"1159\" /> <em>Apresenta\u00e7\u00e3o das seguintes Secretarias: Finan\u00e7as, Or\u00e7amento, Planejamento e Gest\u00e3o Financeira; Gabinete do Prefeito; Procuradoria Geral do Munic\u00edpio; Educa\u00e7\u00e3o; Cultura e Turismo; Esporte e Lazer; Assist\u00eancia e Desenvolvimento Social e Agricultura e Abastecimento.</em></p>\r\n<p style=\"text-align: justify; \" data-start=\"1449\" data-end=\"1547\">\ud83d\udccc <strong data-start=\"1452\" data-end=\"1492\">22 de outubro de 2025 (quarta-feira)</strong> \u2013 \u00e0s 18h00<br data-start=\"1503\" data-end=\"1506\" /> <em>Apresenta\u00e7\u00e3o das seguintes Secretarias: Sa\u00fade; Obras e Desenvolvimento Urbano; Habita\u00e7\u00e3o e Desenvolvimento Urbano; Infraestrutura e Servi\u00e7os Urbanos; Meio Ambiente; Seguran\u00e7a, Tr\u00e2nsito e Transportes; Administra\u00e7\u00e3o, Gest\u00e3o de Pessoal e Tecnologia; Governo; Suprimentos; Desenvolvimento Econ\u00f4mico, Rela\u00e7\u00f5es de Trabalho e Emprego e Subprefeitura do Distrito Cip\u00f3 Gua\u00e7u.</em></p>\r\n<p style=\"text-align: justify; \" data-start=\"1908\" data-end=\"2078\">\ud83d\udc65 O Poder Legislativo incentiva a <strong data-start=\"1943\" data-end=\"1967\">participa\u00e7\u00e3o popular</strong> nas discuss\u00f5es das leis or\u00e7ament\u00e1rias, garantindo a transpar\u00eancia e o di\u00e1logo entre o governo e a sociedade.</p>\r\n<p>\ud83d\udcfa\u00a0Acompanhe ao vivo pelos nossos canais oficiais\u00a0<a class=\"external-link\" href=\"https://www.facebook.com/camaradeembuguacu\" target=\"_self\" title=\"\">FACEBOOK</a>\u00a0e\u00a0<a class=\"external-link\" href=\"https://www.youtube.com/channel/UCU8ZgMZGXbSF8fRBMDwnbow\" target=\"_self\" title=\"\">YOUTUBE</a>.</p>\r\n<p>Durante a\u00a0 Audi\u00eancia ser\u00e1\u00a0disponibilizado\u00a0o\u00a0link com o Formul\u00e1rio Eletr\u00f4nico para o envio das Sugest\u00f5es.<strong>\u00a0Fique Atento!\u00a0</strong></p>\r\n<p class=\" \">Participe, sua presen\u00e7a ser\u00e1 muito importante!</p>\r\n<p class=\" \" style=\"text-align: center; \">\u00a0</p>\r\n<pre>Fonte: CMEG</pre>", "author_name": "", "version": "1.0", "author_url": "https://www.embuguacu.sp.leg.br/author/admin", "provider_name": "C\u00e2mara Municipal de Embu-Gua\u00e7u", "type": "rich"}