{"provider_url": "https://www.embuguacu.sp.leg.br", "title": "AUDI\u00caNCIA P\u00daBLICA \u2013 PLANO DIRETOR", "html": "<p style=\"text-align: center; \" data-start=\"243\" data-end=\"376\">\ud83d\udcc5\u00a0<strong data-start=\"246\" data-end=\"255\">DATA:</strong>\u00a007 de novembro de 2025, \u00e0s 18h00<br data-start=\"292\" data-end=\"295\" />\ud83d\udccd\u00a0<strong data-start=\"298\" data-end=\"308\">LOCAL:</strong>\u00a0C\u00e2mara Municipal de Embu-Gua\u00e7u \u2013 Rua Em\u00edlia Pires, n\u00ba 135, Centro</p>\r\n<p data-start=\"243\" data-end=\"376\">A\u00a0<strong data-start=\"380\" data-end=\"414\">C\u00e2mara Municipal de Embu-Gua\u00e7u</strong>, por meio da\u00a0<b>Comiss\u00e3o de Obras, Servi\u00e7os P\u00fablicos, Meio Ambiente e Outras Atividades</b>, convida a popula\u00e7\u00e3o em geral e a quem mais possa interessar para participar da\u00a0<strong data-start=\"545\" data-end=\"566\">AUDI\u00caNCIA P\u00daBLICA</strong>\u00a0referente ao\u00a0<strong data-start=\"580\" data-end=\"610\">Projeto de Lei Complementar n\u00ba 013/2025</strong>, de autoria do Chefe do Poder Executivo, que disp\u00f5e sobre a <strong>Revis\u00e3o do Plano Diretor de Embu-Gua\u00e7u</strong>.</p>\r\n<p data-start=\"243\" data-end=\"376\"><span>O <b>Plano Diretor</b> \u00e9 o instrumento b\u00e1sico da pol\u00edtica de desenvolvimento urbano e ambiental do Munic\u00edpio, orientando o pleno desenvolvimento das fun\u00e7\u00f5es sociais da cidade e assegurando o bem-estar de seus habitantes, conforme previsto no Estatuto da Cidade e na Lei Org\u00e2nica Municipal</span>.</p>\r\n<p style=\"text-align: center; \" data-start=\"243\" data-end=\"376\">\u00a0<a class=\"external-link\" href=\"https://sapl.embuguacu.sp.leg.br/media/sapl/public/normajuridica/2025/2016/edital_0242025_-_plano_diretor.pdf\" target=\"_self\" title=\"\">\ud83d\udcc4\u00a0<strong data-start=\"2525\" data-end=\"2547\">EDITAL N\u00ba 024/2025</strong></a></p>\r\n<p style=\"text-align: center; \" data-start=\"243\" data-end=\"376\">\u00a0<a class=\"external-link\" href=\"https://sapl.embuguacu.sp.leg.br/media/sapl/public/materialegislativa/2025/9736/plc_0132025_exec_-_plano_diretor_municipal.pdf\" target=\"_self\" title=\"\">\ud83d\udcd8\u00a0<strong>PROJETO DE LEI COMPLEMENTAR N\u00ba 013/2025 \u2013 PLANO DIRETOR</strong></a></p>\r\n<p data-start=\"243\" data-end=\"376\"><strong data-start=\"2553\" data-end=\"2601\"><a class=\"external-link\" href=\"https://sapl.embuguacu.sp.leg.br/materia/9646\" target=\"_self\" title=\"\"></a></strong></p>\r\n<p data-start=\"243\" data-end=\"376\">\ud83d\udcfa\u00a0Acompanhe ao vivo pelos nossos canais oficiais\u00a0<a class=\"external-link\" href=\"https://www.facebook.com/camaradeembuguacu\" target=\"_self\" title=\"\">FACEBOOK</a>\u00a0e\u00a0<a class=\"external-link\" href=\"https://www.youtube.com/channel/UCU8ZgMZGXbSF8fRBMDwnbow\" target=\"_self\" title=\"\">YOUTUBE</a>.</p>\r\n<p>Durante a\u00a0 Audi\u00eancia ser\u00e1\u00a0disponibilizado\u00a0o\u00a0link com o Formul\u00e1rio Eletr\u00f4nico para o envio das Sugest\u00f5es.<strong>\u00a0Fique Atento!\u00a0</strong></p>\r\n<p class=\" \">Participe, sua presen\u00e7a ser\u00e1 muito importante!</p>\r\n<p class=\" \">\u00a0</p>\r\n<pre>Fonte: CMEG</pre>", "author_name": "", "version": "1.0", "author_url": "https://www.embuguacu.sp.leg.br/author/admin", "provider_name": "C\u00e2mara Municipal de Embu-Gua\u00e7u", "type": "rich"}