{"provider_url": "https://www.embuguacu.sp.leg.br", "title": "AUDI\u00caNCIA P\u00daBLICA \u2013 LOA 2026", "html": "<p style=\"text-align: center; \" data-start=\"243\" data-end=\"376\">\ud83d\udcc5\u00a0<strong data-start=\"246\" data-end=\"255\">DATA:</strong>\u00a004 e 05 de novembro de 2025, \u00e0s 18h00<br data-start=\"292\" data-end=\"295\" />\ud83d\udccd\u00a0<strong data-start=\"298\" data-end=\"308\">LOCAL:</strong>\u00a0C\u00e2mara Municipal de Embu-Gua\u00e7u \u2013 Rua Em\u00edlia Pires, n\u00ba 135, Centro</p>\r\n<p style=\"text-align: justify; \" data-start=\"243\" data-end=\"376\"><span>A\u00a0</span><strong data-start=\"380\" data-end=\"414\">C\u00e2mara Municipal de Embu-Gua\u00e7u</strong><span>, por meio da\u00a0</span><strong data-start=\"428\" data-end=\"464\">Comiss\u00e3o de Finan\u00e7as e Or\u00e7amento</strong><span>, convida a popula\u00e7\u00e3o em geral e a quem mais possa interessar para participar da\u00a0</span><strong data-start=\"545\" data-end=\"566\">AUDI\u00caNCIA P\u00daBLICA</strong><span>\u00a0referente ao\u00a0</span><strong data-start=\"580\" data-end=\"610\">Projeto de Lei n\u00ba 024/2025</strong><span>, de autoria do Chefe do Poder Executivo, que disp\u00f5e sobre o <strong>LEI OR\u00c7AMENT\u00c1RIA ANUAL DE 2026</strong></span><span>.</span></p>\r\n<p style=\"text-align: justify; \" data-start=\"243\" data-end=\"376\"><span>A <strong>LOA</strong> \u00e9 o instrumento de planejamento que estima as receitas e fixa as despesas do Munic\u00edpio para o pr\u00f3ximo exerc\u00edcio, definindo as a\u00e7\u00f5es governamentais e os recursos destinados a cada \u00e1rea, como sa\u00fade, educa\u00e7\u00e3o, obras, transporte, cultura e demais pol\u00edticas p\u00fablicas.</span></p>\r\n<p style=\"text-align: center; \" data-start=\"243\" data-end=\"376\"><a class=\"external-link\" href=\"https://sapl.embuguacu.sp.leg.br/media/sapl/public/normajuridica/2025/1957/edital_0222025_-_loa_2026.pdf\" target=\"_self\" title=\"\">\u00a0\ud83d\udcc4\u00a0<strong data-start=\"2525\" data-end=\"2547\">EDITAL N\u00ba 022/2025</strong></a></p>\r\n<p style=\"text-align: center; \" data-start=\"243\" data-end=\"376\">\u00a0<a class=\"external-link\" href=\"https://sapl.embuguacu.sp.leg.br/media/sapl/public/materialegislativa/2025/9686/pl_242025_exec_-_loa_2026.pdf\" target=\"_self\" title=\"\">\ud83d\udcd8\u00a0<strong data-start=\"2553\" data-end=\"2601\">PROJETO DE LEI N\u00ba 024/2025 \u2013 LOA 2026</strong></a></p>\r\n<p data-start=\"243\" data-end=\"376\"><strong data-start=\"2553\" data-end=\"2601\"><a class=\"external-link\" href=\"https://sapl.embuguacu.sp.leg.br/materia/9646\" target=\"_self\" title=\"\"></a></strong></p>\r\n<p data-start=\"243\" data-end=\"376\">A audi\u00eancia ser\u00e1 realizada\u00a0<strong data-start=\"1062\" data-end=\"1078\">em dois dias</strong>, conforme programa\u00e7\u00e3o:</p>\r\n<p data-start=\"1103\" data-end=\"1200\">\ud83d\udccc\u00a0<strong data-start=\"1106\" data-end=\"1145\">04 de novembro de 2025 (ter\u00e7a-feira)</strong>\u00a0\u2013 \u00e0s 18h00<br data-start=\"1156\" data-end=\"1159\" /><em>Apresenta\u00e7\u00e3o das seguintes Secretarias: Finan\u00e7as, Or\u00e7amento, Planejamento e Gest\u00e3o Financeira; Gabinete do Prefeito; Procuradoria Geral do Munic\u00edpio; Educa\u00e7\u00e3o; Cultura e Turismo; Esporte e Lazer; Assist\u00eancia e Desenvolvimento Social e Agricultura e Abastecimento.</em></p>\r\n<p data-start=\"1449\" data-end=\"1547\">\ud83d\udccc\u00a0<strong data-start=\"1452\" data-end=\"1492\">05 de novembro de 2025 (quarta-feira)</strong>\u00a0\u2013 \u00e0s 18h00<br data-start=\"1503\" data-end=\"1506\" /><em>Apresenta\u00e7\u00e3o das seguintes Secretarias: Sa\u00fade; Obras e Desenvolvimento Urbano; Habita\u00e7\u00e3o e Desenvolvimento Urbano; Infraestrutura e Servi\u00e7os Urbanos; Meio Ambiente; Seguran\u00e7a, Tr\u00e2nsito e Transportes; Administra\u00e7\u00e3o, Gest\u00e3o de Pessoal e Tecnologia; Governo; Suprimentos; Desenvolvimento Econ\u00f4mico, Rela\u00e7\u00f5es de Trabalho e Emprego e Subprefeitura do Distrito Cip\u00f3 Gua\u00e7u.</em></p>\r\n<p data-start=\"1908\" data-end=\"2078\">\ud83d\udc65 O Poder Legislativo incentiva a\u00a0<strong data-start=\"1943\" data-end=\"1967\">participa\u00e7\u00e3o popular</strong>\u00a0nas discuss\u00f5es das leis or\u00e7ament\u00e1rias, garantindo a transpar\u00eancia e o di\u00e1logo entre o governo e a sociedade.</p>\r\n<p>\ud83d\udcfa\u00a0Acompanhe ao vivo pelos nossos canais oficiais\u00a0<a class=\"external-link\" href=\"https://www.facebook.com/camaradeembuguacu\" target=\"_self\" title=\"\">FACEBOOK</a>\u00a0e\u00a0<a class=\"external-link\" href=\"https://www.youtube.com/channel/UCU8ZgMZGXbSF8fRBMDwnbow\" target=\"_self\" title=\"\">YOUTUBE</a>.</p>\r\n<p>Durante a\u00a0 Audi\u00eancia ser\u00e1\u00a0disponibilizado\u00a0o\u00a0link com o Formul\u00e1rio Eletr\u00f4nico para o envio das Sugest\u00f5es.<strong>\u00a0Fique Atento!\u00a0</strong></p>\r\n<p class=\" \">Participe, sua presen\u00e7a ser\u00e1 muito importante!</p>\r\n<p class=\" \">\u00a0</p>\r\n<pre>Fonte: CMEG</pre>", "author_name": "", "version": "1.0", "author_url": "https://www.embuguacu.sp.leg.br/author/admin", "provider_name": "C\u00e2mara Municipal de Embu-Gua\u00e7u", "type": "rich"}