{"provider_url": "https://www.embuguacu.sp.leg.br", "title": "AUDI\u00caNCIA P\u00daBLICA 13-03-2021", "html": "<p>A C\u00e2mara Municipal de Embu-Gua\u00e7u, CONVIDA voc\u00ea para participar da\u00a0AUDI\u00caNCIA P\u00daBLICA \u2013 PRESTA\u00c7\u00c3O DE CONTAS DA SA\u00daDE - 3\u00ba QUADRIMESTRE DO ANO DE 2020.</p>\r\n<p>Que ser\u00e1 realizada no dia\u00a0<strong>13 de mar\u00e7o de 2021 (s\u00e1bado)</strong>, \u00e0s 10h00min na C\u00e2mara Municipal de Embu-Gua\u00e7u.<br />(Rua Em\u00edlia Pires, 135 no Centro de Embu-Gua\u00e7u).</p>\r\n<p>Acompanhe ao vivo pelos nossos canais oficiais FACEBOOK e YOUTUBE. Segue links abaixo:</p>\r\n<p><strong>Facebook:</strong>\u00a0<a class=\"external-link\" href=\"https://www.facebook.com/C%C3%A2mara-Municipal-de-Embu-Gua%C3%A7u-106699440790526/\" target=\"_blank\" title=\"\">https://www.facebook.com/C%C3%A2mara-Municipal-de-Embu-Gua%C3%A7u-106699440790526/</a></p>\r\n<p><strong>Youtube:</strong>\u00a0<a class=\"external-link\" href=\"https://www.youtube.com/channel/UCU8ZgMZGXbSF8fRBMDwnbow\" target=\"_blank\" title=\"\">https://www.youtube.com/channel/UCU8ZgMZGXbSF8fRBMDwnbow</a></p>\r\n<p>Sua presen\u00e7a ser\u00e1 muito importante!</p>", "author_name": "vania", "version": "1.0", "author_url": "https://www.embuguacu.sp.leg.br/author/vania", "provider_name": "C\u00e2mara Municipal de Embu-Gua\u00e7u", "type": "rich"}