{"provider_url": "https://www.embuguacu.sp.leg.br", "title": "AUDI\u00caNCIA P\u00daBLICA - 04/03/2022", "html": "<p style=\"text-align: center; \"><strong><a title=\"\" href=\"https://www.embuguacu.sp.leg.br/institucional/noticias/edital0062022AUDINCIAPBLICAEDUCAOIIIQUAD2021.pdf\" class=\"internal-link\" target=\"_blank\"><strong><img alt=\"\" class=\"image-inline\" src=\"../../imagens/iconepdf.jpg/@@images/a4d976db-5803-47f0-b0c9-9de331e3cbe2.jpeg\" title=\"\" /></strong>EDITAL 006/2022\u00a0</a></strong></p>\r\n<p style=\"text-align: justify; \">A\u00a0<strong>C\u00e2mara Municipal de Embu-Gua\u00e7u</strong>, por meio da<strong>\u00a0Comiss\u00e3o De Educa\u00e7\u00e3o, Sa\u00fade E Assist\u00eancia Social</strong>, convida a popula\u00e7\u00e3o em geral e a quem mais possa interessar para a\u00a0<strong>\u201cAUDI\u00caNCIA P\u00daBLICA\u201d</strong>\u00a0relativa a\u00a0<strong>Presta\u00e7\u00e3o de Contas da Secretaria Municipal da Educa\u00e7\u00e3o - III Quadrimestre 2021</strong>.</p>\r\n<p style=\"text-align: justify; \">Que ser\u00e1 realizada no dia\u00a0<strong><strong>04 de mar\u00e7o de 2022 (sexta-feira)</strong>, \u00e0s\u00a0<strong>10h00min</strong>\u00a0na C\u00e2mara Municipal de Embu-Gua\u00e7u.</strong></p>\r\n<p><strong></strong><span style=\"text-align: left; \">\u25aa\ufe0fAcompanhe ao vivo pelos nossos canais oficiais\u00a0</span><a class=\"external-link\" href=\"https://www.facebook.com/camaradeembuguacu\" style=\"text-align: left; \" target=\"_self\" title=\"\">FACEBOOK</a><span style=\"text-align: left; \">\u00a0e\u00a0</span><a class=\"external-link\" href=\"https://www.youtube.com/channel/UCU8ZgMZGXbSF8fRBMDwnbow\" style=\"text-align: left; \" target=\"_self\" title=\"\">YOUTUBE</a><span style=\"text-align: left; \">.</span></p>\r\n<p>\u00a0</p>\r\n<p>O acompanhamento das Audi\u00eancias no Plen\u00e1rio est\u00e1 autorizado de acordo com as disposi\u00e7\u00f5es do Plano S\u00e3o Paulo, seguindo os protocolos de seguran\u00e7a<strong>.</strong></p>\r\n<p>\u00a0</p>\r\n<p>Procedimentos desta audi\u00eancia poder\u00e3o ser verificados no\u00a0EDITAL\u00a0.</p>\r\n<p><span>Durante a\u00a0 Audi\u00eancia ser\u00e1 </span><span>disponibilizado\u00a0</span><span>o\u00a0</span><span>link com o Formul\u00e1rio Eletr\u00f4nico para o envio das Duvidas e Sugest\u00f5es.</span><strong>\u00a0Fique Atento!\u00a0</strong></p>\r\n<p class=\" \" style=\"text-align: center; \"><strong>\u00a0</strong><strong style=\"text-align: center; \"><a class=\"external-link\" href=\"http://docs.google.com/forms/d/e/1FAIpQLSf2doOWRP9DSjo6lNQIjtcRpu57xuCPIU7Z6evQ6NaWECJdsQ/viewform?usp=sf_link\" target=\"_self\" title=\"\"><img src=\"https://www.embuguacu.sp.leg.br/imagens/transparencia-administrativa.png\" alt=\"Esta imagem \u00e9 referenciada nos conte\u00fados do portal.\" class=\"image-inline\" title=\"Transparencia Administrativa\" /></a></strong></p>\r\n<p class=\" \" style=\"text-align: center; \"><strong><a class=\"external-link\" href=\"http://docs.google.com/forms/d/e/1FAIpQLSf2doOWRP9DSjo6lNQIjtcRpu57xuCPIU7Z6evQ6NaWECJdsQ/viewform?usp=sf_link\" target=\"_self\" title=\"\">Formul\u00e1rio Eletr\u00f4nico</a></strong></p>\r\n<p>Participe, sua presen\u00e7a ser\u00e1 muito importante!</p>\r\n<pre>Fonte: CMEG</pre>", "author_name": "", "version": "1.0", "author_url": "https://www.embuguacu.sp.leg.br/author/adm", "provider_name": "C\u00e2mara Municipal de Embu-Gua\u00e7u", "type": "rich"}