{"provider_url": "https://www.embuguacu.sp.leg.br", "title": "ORDEM DO DIA 2\u00aa SESS\u00c3O EXTRAORDIN\u00c1RIA", "html": "<p><span>2\u00aa Sess\u00e3o Extraordin\u00e1ria a ser realizada no dia 16/03/2021 (ter\u00e7a-feira) \u00e0s 18:00hrs.</span></p>\r\n<p><a title=\"\" href=\"https://www.embuguacu.sp.leg.br/institucional/noticias/EDITAL0072021SESSOEXTRAORDINRIA.pdf\" class=\"internal-link\" target=\"_blank\"><img src=\"https://www.embuguacu.sp.leg.br/imagens/iconepdf.jpg/@@images/a4d976db-5803-47f0-b0c9-9de331e3cbe2.jpeg\" alt=\"\" class=\"image-inline\" title=\"\" />\u00a0EDITAL 007/2021 (Convoca\u00e7\u00e3o da 2\u00aa Sess\u00e3o Extraordin\u00e1ria)</a></p>\r\n<p><span><a title=\"\" href=\"https://www.embuguacu.sp.leg.br/institucional/noticias/PR0022021.pdf\" class=\"internal-link\" target=\"_blank\"><img src=\"https://www.embuguacu.sp.leg.br/imagens/iconepdf.jpg/@@images/a4d976db-5803-47f0-b0c9-9de331e3cbe2.jpeg\" alt=\"\" class=\"image-inline\" title=\"\" />\u00a0PR 002/2021</a></span></p>\r\n<p><span><a title=\"\" href=\"https://www.embuguacu.sp.leg.br/institucional/noticias/PR0032021.pdf\" class=\"internal-link\" target=\"_blank\"><img src=\"https://www.embuguacu.sp.leg.br/imagens/iconepdf.jpg/@@images/a4d976db-5803-47f0-b0c9-9de331e3cbe2.jpeg\" alt=\"\" class=\"image-inline\" title=\"\" /><span>\u00a0PR 003/2021</span></a></span></p>\r\n<p><span><span><a title=\"\" href=\"https://www.embuguacu.sp.leg.br/institucional/noticias/PL0052021EXECUTIVO.pdf\" class=\"internal-link\" target=\"_blank\"><img src=\"https://www.embuguacu.sp.leg.br/imagens/iconepdf.jpg/@@images/a4d976db-5803-47f0-b0c9-9de331e3cbe2.jpeg\" alt=\"\" class=\"image-inline\" title=\"\" /><span>\u00a0PL 005/2021 - EXECUTIVO</span></a></span></span></p>\r\n<p><span><span><span><a title=\"\" href=\"https://www.embuguacu.sp.leg.br/institucional/noticias/RetiradePauta_PL0052021Exec.pdf\" class=\"internal-link\" target=\"_blank\"><img src=\"https://www.embuguacu.sp.leg.br/imagens/iconepdf.jpg/@@images/a4d976db-5803-47f0-b0c9-9de331e3cbe2.jpeg\" alt=\"\" class=\"image-inline\" title=\"\" />\u00a0Retira de Pauta_PL0052021-Exec</a></span></span></span></p>", "author_name": "vania", "version": "1.0", "author_url": "https://www.embuguacu.sp.leg.br/author/vania", "provider_name": "C\u00e2mara Municipal de Embu-Gua\u00e7u", "type": "rich"}