{"provider_url": "https://www.embuguacu.sp.leg.br", "title": "29\u00aa Sess\u00e3o Ordin\u00e1ria - Posse de Suplentes", "html": "<p>A C\u00e2mara Municipal de Embu-Gua\u00e7u realizou nesta ultima ter\u00e7a-feira a 29\u00aa Sess\u00e3o Ordin\u00e1ria, Vereadores tomaram posse no lugar de outros Parlamentares, exclusivamente nessa sess\u00e3o.</p>\r\n<p class=\" \" style=\"text-align: center; \"><em><strong>Parab\u00e9ns aos novos Vereadores que, a partir de hoje, fazem parte da 14\u00aa Legislatura da C\u00e2mara Municipal de Embu-Gua\u00e7u.</strong></em></p>\r\n<p class=\" \">Vereador Valtenir Rodrigo do Santos, Vereador Andr\u00e9 Santos Silva, Vereadora Marilia Fernanda Martins Schunck, e o Vereador Alexsander Domiciano dos Santos.</p>\r\n<p>Confira as fotos da Sess\u00e3o\u00a0<a title=\"\" href=\"https://www.embuguacu.sp.leg.br/institucional/fotos/29a-sessao-ordinaria-posse-de-suplentes\" class=\"external-link\" target=\"_self\"><strong>clicando aqui</strong>.</a></p>\r\n<p>Confira o video da Sess\u00e3o\u00a0<a class=\"external-link\" href=\"https://www.youtube.com/watch?v=8eQ-0uS8TSw\" target=\"_self\" title=\"\"><strong>clicando aqui</strong>.</a></p>\r\n<p><em><strong>Fotos por Keize Bia</strong></em></p>\r\n<p class=\" \" style=\"text-align: center; \"><img src=\"https://www.embuguacu.sp.leg.br/institucional/fotos/29a-sessao-ordinaria-posse-de-suplentes/cmeg_-56.jpg/@@images/b607c38a-3621-4b7c-b9e5-32fa04ed5a06.jpeg\" alt=\"CMEG_-56.jpg\" class=\"image-inline\" title=\"CMEG_-56.jpg\" />\u00a0<img src=\"https://www.embuguacu.sp.leg.br/institucional/fotos/29a-sessao-ordinaria-posse-de-suplentes/cmeg_-37.jpg/@@images/54d67fa8-9021-4708-b042-76c79fc280ca.jpeg\" alt=\"CMEG_-37.jpg\" class=\"image-inline\" title=\"CMEG_-37.jpg\" />\u00a0<img src=\"https://www.embuguacu.sp.leg.br/institucional/fotos/29a-sessao-ordinaria-posse-de-suplentes/cmeg_-33.jpg/@@images/6a4af8b7-a538-43bb-b3c5-aa63098c4215.jpeg\" alt=\"CMEG_-33.jpg\" class=\"image-inline\" title=\"CMEG_-33.jpg\" />\u00a0 \u00a0 \u00a0 \u00a0 \u00a0 \u00a0 \u00a0 \u00a0 \u00a0 \u00a0 \u00a0\u00a0<img src=\"https://www.embuguacu.sp.leg.br/institucional/fotos/29a-sessao-ordinaria-posse-de-suplentes/cmeg_-29.jpg/@@images/ebd08f47-ae02-4af9-8b7a-c7bed9bf1df7.jpeg\" alt=\"CMEG_-29.jpg\" class=\"image-inline\" title=\"CMEG_-29.jpg\" />\u00a0<img src=\"https://www.embuguacu.sp.leg.br/institucional/fotos/29a-sessao-ordinaria-posse-de-suplentes/cmeg_-42.jpg/@@images/e0c8ba9f-8e81-4eff-8528-e4c214d0f5e1.jpeg\" alt=\"CMEG_-42.jpg\" class=\"image-inline\" title=\"CMEG_-42.jpg\" /></p>", "author_name": "", "version": "1.0", "author_url": "https://www.embuguacu.sp.leg.br/author/adm", "provider_name": "C\u00e2mara Municipal de Embu-Gua\u00e7u", "type": "rich"}