{"provider_url": "https://www.embuguacu.sp.leg.br", "title": "01\u00aa SESS\u00c3O EXTRAORDIN\u00c1RIA", "html": "<p style=\"text-align: center; \"><strong><a title=\"\" href=\"https://www.embuguacu.sp.leg.br/institucional/noticias/EDITAL0142025.pdf\" class=\"internal-link\" target=\"_self\">EDITAL N\u00ba 014/2025</a><br /></strong></p>\r\n<p style=\"text-align: center; \"><strong>01\u00aa SESS\u00c3O EXTRAORDIN\u00c1RIA \u2013 Ter\u00e7a-feira, \u00e0s 17h00</strong></p>\r\n<p style=\"text-align: center; \">\ud83d\udccd\u00a0<em>Plen\u00e1rio da C\u00e2mara Municipal de Embu-Gua\u00e7u</em></p>\r\n<p style=\"text-align: justify; \"><b>JO\u00c3O DOMINGUES MENDES, PRESIDENTE DA C\u00c2MARA MUNICIPAL DE EMBU-GUA\u00c7U,\u00a0</b>no uso de suas atribui\u00e7\u00f5es regimentais, especialmente a prevista disposto no art. 35 da Lei Org\u00e2nica do Munic\u00edpio de Embu-Gua\u00e7u, c/c art. 117 do Regimento Interno, convoca a 01\u00aa Sess\u00e3o Extraordin\u00e1ria, para o dia 22 de julho de 2025, \u00e0s 17h00min no Plen\u00e1rio Benedicto Roschel de Moraes para publicidade do <strong><a class=\"external-link\" href=\"https://sapl.embuguacu.sp.leg.br/media/sapl/public/normajuridica/2025/1869/ato_do_presidente_n_024-2025.pdf\" target=\"_self\" title=\"\">Ato do Presidente n\u00ba 024/2025</a></strong> \u2013 que reestabelece a vig\u00eancia do <strong><a class=\"external-link\" href=\"https://sapl.embuguacu.sp.leg.br/media/sapl/public/normajuridica/2025/1854/ato_do_presidente_no_020-2025.pdf\" target=\"_self\" title=\"\">Ato do Presidente n\u00ba 020/2025</a></strong> que disp\u00f5e sobre a extin\u00e7\u00e3o do mandato do Senhor Andr\u00e9 George Neres de Farias, Prefeito do Munic\u00edpio de Embu-Gua\u00e7u, em raz\u00e3o de suspens\u00e3o de direitos pol\u00edticos.</p>\r\n<p style=\"text-align: center; \">\u2714\u00a0<strong>Acompanhe a transmiss\u00e3o online:</strong></p>\r\n<p style=\"text-align: center; \">\ud83d\udcf9\u00a0<em>YouTube</em>\u00a0e\u00a0<em>Facebook</em>\u00a0oficiais da C\u00e2mara Municipal de Embu-Gua\u00e7u.</p>", "author_name": "", "version": "1.0", "author_url": "https://www.embuguacu.sp.leg.br/author/admin", "provider_name": "C\u00e2mara Municipal de Embu-Gua\u00e7u", "type": "rich"}