{"provider_url": "https://www.embuguacu.sp.leg.br", "title": "Hist\u00f3ria do Munic\u00edpio de Embu-Gua\u00e7u", "html": "<h1 class=\"firstHeading\" id=\"firstHeading\" style=\"text-align: justify; \">Embu-Gua\u00e7u</h1>\r\n<div class=\"mw-body-content\" id=\"bodyContent\">\r\n<div class=\"noprint\" id=\"siteSub\" style=\"text-align: justify; \"><b>Embu-Gua\u00e7u</b><span>\u00a0\u00e9 um\u00a0munic\u00edpio\u00a0da\u00a0Regi\u00e3o Metropolitana de S\u00e3o Paulo,\u00a0Regi\u00e3o Geogr\u00e1fica Imediata de S\u00e3o Paulo, no estado de\u00a0S\u00e3o Paulo, no\u00a0Brasil. Localiza-se na\u00a0Zona Sudoeste da Grande S\u00e3o Paulo, em conformidade com a Lei Estadual n\u00ba 1.139, de 16 de junho de 2011</span>\u00a0e, consequentemente, com o\u00a0Plano de Desenvolvimento Urbano Integrado da Regi\u00e3o Metropolitana de S\u00e3o Paulo (PDUI).\u00a0O munic\u00edpio \u00e9 formado pela sede e pelo distrito de\u00a0Cip\u00f3-Gua\u00e7u.</div>\r\n<div class=\"mw-content-ltr\" dir=\"ltr\" id=\"mw-content-text\">\r\n<div class=\"mw-parser-output\">\r\n<p style=\"text-align: justify; \">O munic\u00edpio possui uma \u00e1rea territorial de 155,641\u00a0km\u00b2 e sua popula\u00e7\u00e3o foi estimada em 69\u00a0385 habitantes, conforme dados do IBGE de 2019. Considerando estes n\u00fameros, a\u00a0densidade populacional\u00a0estimada era de 445,8 habitantes por\u00a0km\u00b2. J\u00e1 a popula\u00e7\u00e3o aferida pelo IBGE no\u00a0Censo de 2010\u00a0foi de 62\u00a0769 habitantes, resultando naquele ano, em uma densidade populacional de 403,32 habitantes por\u00a0km\u00b2.</p>\r\n<h2 style=\"text-align: justify; \"><span id=\"Top.C3.B4nimo\"></span><span class=\"mw-headline\" id=\"Top\u00f4nimo\">Top\u00f4nimo</span></h2>\r\n<p style=\"text-align: justify; \">\"Embu-Gua\u00e7u\" \u00e9 um termo oriundo da\u00a0l\u00edngua tupi antiga\u00a0e significa \"cobra grande\".<sup class=\"reference\" id=\"cite_ref-13\"></sup></p>\r\n<p style=\"text-align: justify; \">Seu primeiro nome foi Ilha de Itarar\u00e9, pois se julgou que esta era uma grande\u00a0ilha fluvial, tal a quantidade de rios na regi\u00e3o. Depois, veio\u00a0a denomina\u00e7\u00e3o M'Boy-Gua\u00e7u, tamb\u00e9m de origem tupi e,\u00a0finalmente, Embu-Gua\u00e7u. Todos esses nomes, inspirados no Rio Santa Rita, extenso e cheio de curvas sinuosas.</p>\r\n<h2 style=\"text-align: justify; \"><span id=\"Hist.C3.B3ria\"></span><span class=\"mw-headline\" id=\"Hist\u00f3ria\">Hist\u00f3ria</span></h2>\r\n<p style=\"text-align: justify; \">No final do s\u00e9culo XIX, em uma de suas andan\u00e7as pelos\u00a0sert\u00f5es\u00a0paulistas, o casal de\u00a0sertanistas\u00a0Jos\u00e9 Pires de Albuquerque e Em\u00edlia Pires de Moraes Pedroso chegou \u00e0 regi\u00e3o onde, atualmente, est\u00e1 localizado Embu-Gua\u00e7u. Impressionados com a beleza natural da regi\u00e3o, decidiram fixar resid\u00eancia e erguer a primeira casa, feita de\u00a0taipas\u00a0e\u00a0m\u00e3o de obra escrava, pr\u00f3ximo ao Rio Santa Rita (hoje,\u00a0patrim\u00f4nio\u00a0da fam\u00edlia Svartman, fundadora da primeira ind\u00fastria do munic\u00edpio: a \"Ind\u00fastria Qu\u00edmica Paulista S/A\").</p>\r\n<p style=\"text-align: justify; \">O povoado cresceu no in\u00edcio de 1900, com a chegada de\u00a0imigrantes\u00a0e novas fam\u00edlias como os Roschel, os Creim, os Schunck, os Domingues, entre outros que constitu\u00edram as fam\u00edlias pioneiras da regi\u00e3o. Em 1920, Jos\u00e9 Pires de Albuquerque constr\u00f3i a primeira ind\u00fastria de farinha de mandioca.</p>\r\n<p style=\"text-align: justify; \">Em 1932, Embu-Gua\u00e7u \u00e9 elevado \u00e0 condi\u00e7\u00e3o de Vila, onde Benedito Roschel de Moraes inaugura a primeira casa comercial.</p>\r\n<div class=\"thumb tleft\" style=\"text-align: justify; \">\r\n<div class=\"thumbinner\"><img src=\"https://www.embuguacu.sp.leg.br/imagens/290pxEstao_Ferroviria_de_Embu_Guau.jpg\" alt=\"\" class=\"image-left\" title=\"\" />\r\n<div class=\"thumbcaption\">\r\n<div class=\"magnify\"><span>Esta\u00e7\u00e3o Ferrovi\u00e1ria de Embu Gua\u00e7u em meados da d\u00e9cada de 1950</span></div>\r\n</div>\r\n</div>\r\n</div>\r\n<p style=\"text-align: justify; \">Por mais de meio s\u00e9culo, a regi\u00e3o apresentou um crescimento populacional, econ\u00f4mico e social bastante moroso, por\u00e9m, com a chegada dos trilhos, a regi\u00e3o come\u00e7ou a crescer em todos os sentidos. Em 1927,\u00a0come\u00e7aram as dif\u00edceis e demoradas obras de constru\u00e7\u00e3o da ferrovia da\u00a0Estrada de Ferro Sorocabana, com o ramal\u00a0Mairinque-Santos, que desceria a\u00a0Serra do Mar\u00a0cruzando Embu-Gua\u00e7u, onde a obra chegou por volta de 1929. Em 1937, o novo ramal da ferrovia foi inaugurado.</p>\r\n<p style=\"text-align: justify; \">A antiga\u00a0Estrada de Ferro Sorocabana\u00a0(1934-1971) transportava o caf\u00e9 produzido no interior paulista para o\u00a0porto santista. Nela, havia uma esta\u00e7\u00e3o inaugurada em 5 de abril de 1934, onde houve tr\u00e1fego de passageiros entre Embu-Gua\u00e7u e\u00a0Santos\u00a0at\u00e9 novembro de 1997. O nome da ferrovia foi, posteriormente, alterado para\u00a0Ferrovia Paulista Sociedade An\u00f4nima\u00a0(FEPASA: 1971-1998). Hoje, \u00e9 administrada pela\u00a0Rumo Log\u00edstica, que opera o alto tr\u00e1fego de trens de carga que cruzam o munic\u00edpio,</p>\r\n<p style=\"text-align: justify; \">Em 1944, Embu-Gua\u00e7u Gua\u00e7u foi elevado \u00e0 categoria de\u00a0distrito\u00a0pelo\u00a0decreto-lei\u00a0n\u00ba 14.334/44, com uma \u00e1rea de 171\u00a0km\u00b2, mas ainda sendo parte do munic\u00edpio de\u00a0Itapecerica da Serra.</p>\r\n<h3 style=\"text-align: justify; \"><span id=\"Emancipa.C3.A7.C3.A3o\"></span><span class=\"mw-headline\" id=\"Emancipa\u00e7\u00e3o\">Emancipa\u00e7\u00e3o</span></h3>\r\n<p style=\"text-align: justify; \">O munic\u00edpio itapecericano detinha um s\u00e9rio problema de repasse de verbas devido sua grande extens\u00e3o territorial, sendo incapaz de manter toda sua \u00e1rea. Em decorr\u00eancia desta dificuldade, movimentos emancipacionistas ganharam for\u00e7a e Embu-Gua\u00e7u foi emancipado, a partir da Lei estadual n\u00ba 8 092, 20 de fevereiro de 1964. As elei\u00e7\u00f5es municipais foram convocadas para o dia 7 de mar\u00e7o de 1965.</p>\r\n<p style=\"text-align: justify; \">Em\u00a028 de mar\u00e7o\u00a0de\u00a01965,\u00a0Embu-Gua\u00e7u\u00a0foi elevado \u00e0 categoria de munic\u00edpio, ocorrendo, ent\u00e3o, a primeira legislatura, com posse do Prefeito, Vice-Prefeito e Vereadores, e conquistando definitivamente sua emancipa\u00e7\u00e3o pol\u00edtico-administrativa.</p>\r\n<p style=\"text-align: justify; \">A comiss\u00e3o do movimento Pr\u00f3-Emancipa\u00e7\u00e3o, que trabalhou no sentido de que toda documenta\u00e7\u00e3o e exig\u00eancias da Lei Org\u00e2nica do Munic\u00edpio fossem apresentadas \u00e0\u00a0Assembleia Legislativa do Estado, era composta por: presidente, Sr. Fioravante Francisco; quatro vices-presidentes, Alexandre Rodrigues Nogueira, Ant\u00f4nio Albuquerque Filho, Valdomiro Pereira Rodrigues, Walter dos Reis; Secret\u00e1rio Geral, Benedicto Roschel de Moraes; e quatro secret\u00e1rios, Nilton Higino Martins, Francisco O. Martins, Luiz G. \u00c1vila de Macedo, Rafael Cau; Tesoureiro Geral, Ant\u00f4nio Roschel de Moraes; e quatro tesoureiros, Angelo Flose, Kyiotoschi Morita, Antenor Hervelha e Pedro J\u00falio da Rocha.</p>\r\n<p style=\"text-align: justify; \"><span>Fonte: Wikip\u00e9dia, a enciclop\u00e9dia livre.</span></p>\r\n</div>\r\n</div>\r\n</div>", "author_name": "Interlegis", "version": "1.0", "author_url": "https://www.embuguacu.sp.leg.br/author/Interlegis", "provider_name": "C\u00e2mara Municipal de Embu-Gua\u00e7u", "type": "rich"}