{"provider_url": "https://www.embuguacu.sp.leg.br", "title": "Hist\u00f3ria da C\u00e2mara ", "html": "<p style=\"text-align: justify; \">\u00a0 \u00a0Em 28 de mar\u00e7o 1965, o rec\u00e9m criado munic\u00edpio de Embu-Gua\u00e7u, realiza sua primeira Sess\u00e3o Solene de Instala\u00e7\u00e3o e Posse do Prefeito, Vice-Prefeito e Vereadores no Cine Embu-Gua\u00e7u, localizado a \u00e9poca na Rua Coronel Luiz \u00a0Ten\u00f3rio de Brito. Durante a Sess\u00e3o Solene foi eleito como o Primeiro Presidente do Legislativo o Vereador Alberto Ribeiro Pinto. A primeira legislatura tiveram os seguintes vereadores eleitos: Ademar Jo\u00e3o Estevam, Adriano Catozze Neto, Alberto Ribeiro Pinto, Antonio Roschel de Moraes, Benedito Roschel de Moraes, Janu\u00e1rio Giovanolli Cravo Roxo, Rafael Cau, Walter dos Reis, Yvan Braga de Oliveira.</p>\r\n<p style=\"text-align: justify; \">\u00a0 \u00a0O primeiro local de instala\u00e7\u00e3o da C\u00e2mara Municipal de Embu-Gua\u00e7u foi um Pr\u00e9dio alugado pelo Presidente da C\u00e2mara na Rua Emilia Pires, n\u00b0 87 onde os primeiros vereadores se reuniam para discutir e votar em Plen\u00e1rio os primeiros projetos de lei, apresentando tamb\u00e9m, outras propostas para o progresso e desenvolvimento do munic\u00edpio rec\u00e9m criado. A primeira Sess\u00e3o Legislativa foi realizada no dia 23 de abril de 1965.</p>\r\n<p><img src=\"https://www.embuguacu.sp.leg.br/imagens/FACHADACAMARA.jpg/@@images/c99aee9c-e716-439b-bc95-b392eeac344e.jpeg\" style=\"text-align: justify; \" title=\"\" class=\"image-left\" alt=\"\" /></p>\r\n<div>\r\n<div style=\"text-align: justify; \"><span>\u00a0 \u00a0Foi Inaugurada a atual sede do Legislativo em 23 de Janeiro de 1983, no final do mandato do Presid</span><span>ente Antonio C\u00e9sar Gerassi e in\u00edcio do mandato do Presidente Carlos Sim\u00f5es Louro (filho do primeiro prefeito Jos\u00e9 Sim\u00f5es Louro Junior), localizada na Rua Emilia Pires, 135.</span></div>\r\n<div style=\"text-align: justify; \"><span><br /></span></div>\r\n</div>\r\n<div>\r\n<p style=\"text-align: justify; \"><span>\u00a0 \u00a0As sess\u00f5es ocorrem dentro do Plen\u00e1rio Benedito Roschel de Moraes, na Sede do Legislativo todas \u00e0s ter\u00e7as-feiras as 19:30hs, com a presen\u00e7a do Presidente e todos os vereadores.</span><span>\u00a0</span></p>\r\n<p style=\"text-align: justify; \">\u00a0<span>Fonte: C\u00e2mara Municipal de Embu-Gua\u00e7u</span></p>\r\n</div>", "author_name": "vania", "version": "1.0", "author_url": "https://www.embuguacu.sp.leg.br/author/vania", "provider_name": "C\u00e2mara Municipal de Embu-Gua\u00e7u", "type": "rich"}